{"id":12152,"date":"2021-02-03T18:45:23","date_gmt":"2021-02-03T17:45:23","guid":{"rendered":"https:\/\/le12.ma\/fr\/?p=12152"},"modified":"2021-02-03T18:00:57","modified_gmt":"2021-02-03T17:00:57","slug":"la-fmej-expose-sa-vision-du-systeme-daide-publique-a-la-presse-nationale","status":"publish","type":"post","link":"https:\/\/le12.ma\/fr\/la-fmej-expose-sa-vision-du-systeme-daide-publique-a-la-presse-nationale\/","title":{"rendered":"La FMEJ expose sa vision du syst\u00e8me d\u2019aide publique \u00e0 la presse nationale"},"content":{"rendered":"<p><span style=\"color: #ff0000;\"><strong>Rabat \u2013 le12<\/strong><\/span><\/p>\n<p><strong>La F\u00e9d\u00e9ration marocaine des \u00e9diteurs de journaux (FMEJ) a pr\u00e9sent\u00e9, mercredi lors d\u2019une rencontre tenue par son pr\u00e9sident, Noureddine Miftah, avec le ministre de la Culture, de la Jeunesse et des Sports, Othman El Ferdaouss, une note exposant sa vision int\u00e9gr\u00e9e du syst\u00e8me d\u2019aide publique \u00e0 la presse nationale.<\/strong><br \/>\n<strong>Dans un communiqu\u00e9, la FMEJ a soulign\u00e9 que la pr\u00e9sentation de cette note s\u2019inscrit dans le cadre de son plaidoyer sur le soutien de la presse nationale pour faire face aux r\u00e9percussions de la pand\u00e9mie et surmonter ses effets n\u00e9gatifs, notamment avec le recul des diff\u00e9rents indicateurs li\u00e9s \u00e0 la r\u00e9alit\u00e9 du secteur de la presse au Maroc.<\/strong><br \/>\n<strong>Le pr\u00e9sident de la FMEJ \u201ca expliqu\u00e9 le contenu de cette vision au ministre, saluant, \u00e0 cet effet, les efforts consentis par les pouvoirs publics pour accompagner le secteur dans ces circonstances difficiles et mettant l\u2019accent sur les disparit\u00e9s h\u00e9rit\u00e9es de la gestion de l\u2019aide exceptionnelle qui ont affect\u00e9 de nombreux journaux papier et \u00e9lectroniques, r\u00e9gionaux et nationaux\u201d, rapporte le communiqu\u00e9.<\/strong><br \/>\n<strong>M. Miftah a \u00e9galement appel\u00e9 \u00e0 traiter tous les probl\u00e8mes en suspens et \u00e0 cr\u00e9er des consensus larges et productifs entre tous les intervenants pour encadrer l\u2019aide publique ordinaire, et ce, conform\u00e9ment \u00e0 la loi, dans le cadre d\u2019une approche participative avec les repr\u00e9sentants des professionnels et d\u2019une mani\u00e8re susceptible de r\u00e9aliser l\u2019\u00e9quit\u00e9 et la transparence et qui contribuera \u00e0 une v\u00e9ritable r\u00e9habilitation des entreprises du secteur ainsi qu\u2019\u00e0 l\u2019accompagnement de leur d\u00e9veloppement.<\/strong><br \/>\n<strong>Les discussions men\u00e9es par les deux parties se sont conclues par un accord en vertu duquel le gouvernement continuera \u00e0 verser les salaires des employ\u00e9s des \u00e9tablissements m\u00e9diatiques pendant les trois prochains mois, dans le cadre des dispositions de l\u2019aide exceptionnelle li\u00e9e \u00e0 la lutte contre les r\u00e9percussions de la pand\u00e9mie, et ce jusqu\u2019en mars 2021.<\/strong><br \/>\n<strong>Ils ont \u00e9galement convenu de tenir, fin f\u00e9vrier, une r\u00e9union conjointe entre toutes les parties concern\u00e9es en vue de se mettre d\u2019accord sur une vision commune pour la gestion de l\u2019aide annuelle ordinaire accord\u00e9e \u00e0 la presse nationale en 2021.<\/strong><br \/>\n<strong>Le ministre a aussi r\u00e9affirm\u00e9 l\u2019engagement du gouvernement \u00e0 payer les engagements de la Caisse nationale de s\u00e9curit\u00e9 sociale (CNSS) li\u00e9s aux salaires vers\u00e9s depuis juillet 2020, selon la F\u00e9d\u00e9ration.<\/strong><br \/>\n<strong>La FMEJ a, pour sa part, renouvel\u00e9 son engagement \u00e0 continuer son plaidoyer aupr\u00e8s des pouvoirs publics afin de renforcer l\u2019aide et l\u2019appui au secteur, et d\u2019activer des programmes courageux et int\u00e9gr\u00e9s pour le r\u00e9habiliter et am\u00e9liorer la situation des journalistes, conclut le communiqu\u00e9.<\/strong><\/p>\n","protected":false},"excerpt":{"rendered":"<p>Rabat \u2013 le12 La F\u00e9d\u00e9ration marocaine des \u00e9diteurs de journaux (FMEJ) a pr\u00e9sent\u00e9, mercredi lors d\u2019une rencontre tenue par son pr\u00e9sident, Noureddine Miftah, avec le ministre de la Culture, de la Jeunesse et des Sports, Othman El Ferdaouss, une note exposant sa vision int\u00e9gr\u00e9e du syst\u00e8me d\u2019aide publique \u00e0 la presse nationale. Dans un communiqu\u00e9, [&hellip;]<\/p>\n","protected":false},"author":4,"featured_media":12153,"comment_status":"open","ping_status":"open","sticky":false,"template":"","format":"standard","meta":[],"categories":[26,31,24],"tags":[],"yst_prominent_words":[4183,571,145,2671,245,2564,193,310,4023,5915,362,235,4072,81,4791],"jetpack_featured_media_url":"https:\/\/le12.ma\/fr\/wp-content\/uploads\/2021\/02\/FMEJ.jpg","_links":{"self":[{"href":"https:\/\/le12.ma\/fr\/wp-json\/wp\/v2\/posts\/12152"}],"collection":[{"href":"https:\/\/le12.ma\/fr\/wp-json\/wp\/v2\/posts"}],"about":[{"href":"https:\/\/le12.ma\/fr\/wp-json\/wp\/v2\/types\/post"}],"author":[{"embeddable":true,"href":"https:\/\/le12.ma\/fr\/wp-json\/wp\/v2\/users\/4"}],"replies":[{"embeddable":true,"href":"https:\/\/le12.ma\/fr\/wp-json\/wp\/v2\/comments?post=12152"}],"version-history":[{"count":1,"href":"https:\/\/le12.ma\/fr\/wp-json\/wp\/v2\/posts\/12152\/revisions"}],"predecessor-version":[{"id":12154,"href":"https:\/\/le12.ma\/fr\/wp-json\/wp\/v2\/posts\/12152\/revisions\/12154"}],"wp:featuredmedia":[{"embeddable":true,"href":"https:\/\/le12.ma\/fr\/wp-json\/wp\/v2\/media\/12153"}],"wp:attachment":[{"href":"https:\/\/le12.ma\/fr\/wp-json\/wp\/v2\/media?parent=12152"}],"wp:term":[{"taxonomy":"category","embeddable":true,"href":"https:\/\/le12.ma\/fr\/wp-json\/wp\/v2\/categories?post=12152"},{"taxonomy":"post_tag","embeddable":true,"href":"https:\/\/le12.ma\/fr\/wp-json\/wp\/v2\/tags?post=12152"},{"taxonomy":"yst_prominent_words","embeddable":true,"href":"https:\/\/le12.ma\/fr\/wp-json\/wp\/v2\/yst_prominent_words?post=12152"}],"curies":[{"name":"wp","href":"https:\/\/api.w.org\/{rel}","templated":true}]}}