{"id":12059,"date":"2021-02-02T17:45:32","date_gmt":"2021-02-02T16:45:32","guid":{"rendered":"https:\/\/le12.ma\/fr\/?p=12059"},"modified":"2021-02-02T17:37:18","modified_gmt":"2021-02-02T16:37:18","slug":"chambre-des-conseillers-ircam-protocole-de-cooperation-pour-accelerer-lintegration-de-lamazighe-dans-les-travaux-de-la-chambre","status":"publish","type":"post","link":"https:\/\/le12.ma\/fr\/chambre-des-conseillers-ircam-protocole-de-cooperation-pour-accelerer-lintegration-de-lamazighe-dans-les-travaux-de-la-chambre\/","title":{"rendered":"Chambre des Conseillers-IRCAM: Protocole de coop\u00e9ration pour acc\u00e9l\u00e9rer l\u2019int\u00e9gration de l\u2019amazighe dans les travaux de la Chambre"},"content":{"rendered":"<p><span style=\"color: #ff0000;\"><strong>Rabat \u2013le12<\/strong><\/span><\/p>\n<p><strong> La Chambre des conseillers et l\u2019Institut royal de la culture amazighe (IRCAM) ont sign\u00e9, mardi \u00e0 Rabat, un protocole de coop\u00e9ration visant \u00e0 acc\u00e9l\u00e9rer le processus d\u2019int\u00e9gration de la langue amazighe dans les travaux de la Chambre haute du parlement.<\/strong><br \/>\n<strong>Sign\u00e9 par le pr\u00e9sident de la Chambre des Conseillers, Abdelhakim Benchemach et le recteur de l\u2019IRCAM, Ahmed Boukouss, ce protocole vise \u00e0 \u00e9tablir un cadre g\u00e9n\u00e9ral de coop\u00e9ration entre les deux parties afin de mettre en oeuvre le plan d\u2019action approuv\u00e9 par la Chambre et qui comprend les m\u00e9thodes et les \u00e9tapes d\u2019int\u00e9gration de la langue amazighe dans les travaux des s\u00e9ances pl\u00e9ni\u00e8res de la Chambre des conseillers et de ses organes.<\/strong><\/p>\n","protected":false},"excerpt":{"rendered":"<p>Rabat \u2013le12 La Chambre des conseillers et l\u2019Institut royal de la culture amazighe (IRCAM) ont sign\u00e9, mardi \u00e0 Rabat, un protocole de coop\u00e9ration visant \u00e0 acc\u00e9l\u00e9rer le processus d\u2019int\u00e9gration de la langue amazighe dans les travaux de la Chambre haute du parlement. Sign\u00e9 par le pr\u00e9sident de la Chambre des Conseillers, Abdelhakim Benchemach et le [&hellip;]<\/p>\n","protected":false},"author":4,"featured_media":12060,"comment_status":"open","ping_status":"open","sticky":false,"template":"","format":"standard","meta":[],"categories":[26,31,22],"tags":[],"yst_prominent_words":[584,1302,695,3795,2294,299,2288],"jetpack_featured_media_url":"https:\/\/le12.ma\/fr\/wp-content\/uploads\/2021\/02\/Chambre-des-Conseillers-IRCAM.jpg","_links":{"self":[{"href":"https:\/\/le12.ma\/fr\/wp-json\/wp\/v2\/posts\/12059"}],"collection":[{"href":"https:\/\/le12.ma\/fr\/wp-json\/wp\/v2\/posts"}],"about":[{"href":"https:\/\/le12.ma\/fr\/wp-json\/wp\/v2\/types\/post"}],"author":[{"embeddable":true,"href":"https:\/\/le12.ma\/fr\/wp-json\/wp\/v2\/users\/4"}],"replies":[{"embeddable":true,"href":"https:\/\/le12.ma\/fr\/wp-json\/wp\/v2\/comments?post=12059"}],"version-history":[{"count":1,"href":"https:\/\/le12.ma\/fr\/wp-json\/wp\/v2\/posts\/12059\/revisions"}],"predecessor-version":[{"id":12061,"href":"https:\/\/le12.ma\/fr\/wp-json\/wp\/v2\/posts\/12059\/revisions\/12061"}],"wp:featuredmedia":[{"embeddable":true,"href":"https:\/\/le12.ma\/fr\/wp-json\/wp\/v2\/media\/12060"}],"wp:attachment":[{"href":"https:\/\/le12.ma\/fr\/wp-json\/wp\/v2\/media?parent=12059"}],"wp:term":[{"taxonomy":"category","embeddable":true,"href":"https:\/\/le12.ma\/fr\/wp-json\/wp\/v2\/categories?post=12059"},{"taxonomy":"post_tag","embeddable":true,"href":"https:\/\/le12.ma\/fr\/wp-json\/wp\/v2\/tags?post=12059"},{"taxonomy":"yst_prominent_words","embeddable":true,"href":"https:\/\/le12.ma\/fr\/wp-json\/wp\/v2\/yst_prominent_words?post=12059"}],"curies":[{"name":"wp","href":"https:\/\/api.w.org\/{rel}","templated":true}]}}