{"id":11942,"date":"2021-02-01T15:00:09","date_gmt":"2021-02-01T14:00:09","guid":{"rendered":"https:\/\/le12.ma\/fr\/?p=11942"},"modified":"2021-02-01T13:55:50","modified_gmt":"2021-02-01T12:55:50","slug":"festival-international-du-court-metrage-du-souss-a-ait-meloul-lancement-des-inscriptions-a-la-13e-edition","status":"publish","type":"post","link":"https:\/\/le12.ma\/fr\/festival-international-du-court-metrage-du-souss-a-ait-meloul-lancement-des-inscriptions-a-la-13e-edition\/","title":{"rendered":"Festival international du court m\u00e9trage du Souss \u00e0 A\u00eft Meloul : lancement des inscriptions \u00e0 la 13\u00e8 \u00e9dition"},"content":{"rendered":"<p><span style=\"color: #ff0000;\"><strong>A\u00eft Meloul \u2013 le12<\/strong><\/span><\/p>\n<p><strong>La direction du Festival international du court m\u00e9trage du Souss \u00e0 A\u00eft Meloul vient de lancer les inscriptions pour la participation \u00e0 la 13\u00e8 \u00e9dition de cet \u00e9v\u00e9nement cin\u00e9matographique.<\/strong><\/p>\n","protected":false},"excerpt":{"rendered":"<p>A\u00eft Meloul \u2013 le12 La direction du Festival international du court m\u00e9trage du Souss \u00e0 A\u00eft Meloul vient de lancer les inscriptions pour la participation \u00e0 la 13\u00e8 \u00e9dition de cet \u00e9v\u00e9nement cin\u00e9matographique.<\/p>\n","protected":false},"author":4,"featured_media":11943,"comment_status":"open","ping_status":"open","sticky":false,"template":"","format":"standard","meta":[],"categories":[26,31],"tags":[],"yst_prominent_words":[],"jetpack_featured_media_url":"https:\/\/le12.ma\/fr\/wp-content\/uploads\/2021\/02\/productions_cinematographiques.jpg","_links":{"self":[{"href":"https:\/\/le12.ma\/fr\/wp-json\/wp\/v2\/posts\/11942"}],"collection":[{"href":"https:\/\/le12.ma\/fr\/wp-json\/wp\/v2\/posts"}],"about":[{"href":"https:\/\/le12.ma\/fr\/wp-json\/wp\/v2\/types\/post"}],"author":[{"embeddable":true,"href":"https:\/\/le12.ma\/fr\/wp-json\/wp\/v2\/users\/4"}],"replies":[{"embeddable":true,"href":"https:\/\/le12.ma\/fr\/wp-json\/wp\/v2\/comments?post=11942"}],"version-history":[{"count":1,"href":"https:\/\/le12.ma\/fr\/wp-json\/wp\/v2\/posts\/11942\/revisions"}],"predecessor-version":[{"id":11944,"href":"https:\/\/le12.ma\/fr\/wp-json\/wp\/v2\/posts\/11942\/revisions\/11944"}],"wp:featuredmedia":[{"embeddable":true,"href":"https:\/\/le12.ma\/fr\/wp-json\/wp\/v2\/media\/11943"}],"wp:attachment":[{"href":"https:\/\/le12.ma\/fr\/wp-json\/wp\/v2\/media?parent=11942"}],"wp:term":[{"taxonomy":"category","embeddable":true,"href":"https:\/\/le12.ma\/fr\/wp-json\/wp\/v2\/categories?post=11942"},{"taxonomy":"post_tag","embeddable":true,"href":"https:\/\/le12.ma\/fr\/wp-json\/wp\/v2\/tags?post=11942"},{"taxonomy":"yst_prominent_words","embeddable":true,"href":"https:\/\/le12.ma\/fr\/wp-json\/wp\/v2\/yst_prominent_words?post=11942"}],"curies":[{"name":"wp","href":"https:\/\/api.w.org\/{rel}","templated":true}]}}