{"id":11929,"date":"2021-02-01T13:00:45","date_gmt":"2021-02-01T12:00:45","guid":{"rendered":"https:\/\/le12.ma\/fr\/?p=11929"},"modified":"2021-02-01T12:19:34","modified_gmt":"2021-02-01T11:19:34","slug":"lassociation-essaouira-mogador-et-le-ficma-sallient-pour-la-consolidation-de-laction-associative-commune","status":"publish","type":"post","link":"https:\/\/le12.ma\/fr\/lassociation-essaouira-mogador-et-le-ficma-sallient-pour-la-consolidation-de-laction-associative-commune\/","title":{"rendered":"L\u2019Association Essaouira-Mogador et le FICMA s\u2019allient pour la consolidation de l\u2019action associative commune"},"content":{"rendered":"<p><span style=\"color: #ff0000;\"><strong>Essaouira \u2013le12<\/strong><\/span><\/p>\n<p><strong> Une convention-cadre de partenariat et de coop\u00e9ration a \u00e9t\u00e9 sign\u00e9e, dimanche soir \u00e0 l\u2019Espace Bayt Dakira, entre l\u2019Association Essaouira-Mogador et le Forum International pour la Coop\u00e9ration Maroco-Africaine (FICMA) en vue de la consolidation de l\u2019action associative commune dans divers domaines.<\/strong><br \/>\n<strong>Cette convention a \u00e9t\u00e9 paraph\u00e9e par le pr\u00e9sident du bureau ex\u00e9cutif de l\u2019Association Essaouira-Mogador, M. Tarik Ottmani, et le pr\u00e9sident du FICMA, M. Brahim A\u00eft Lamkadem, en pr\u00e9sence notamment de la secr\u00e9taire g\u00e9n\u00e9rale de l\u2019Association, Mme Kaoutar Chakir Benamara, de membres du Forum, et de la directrice de \u201cBayt Dakira\u201d, Mme Ghita Rabouli.<\/strong><br \/>\n<strong>Elle tend \u00e0 la r\u00e9alisation de projets de d\u00e9veloppement communs dans les domaines social, \u00e9ducatif, culturel et sportif, qui seront s\u00e9lectionn\u00e9s et mis en place selon un programme annuel fixant les objectifs, les mesures et proc\u00e9dures, ainsi que l\u2019\u00e9ch\u00e9ancier et les moyens de communication en la mati\u00e8re.<\/strong><br \/>\n<strong>D\u2019une dur\u00e9e de trois ans renouvelables, cette convention porte sur l\u2019organisation d\u2019activit\u00e9s et d\u2019actions \u00e0 caract\u00e8re national ou international notamment dans les domaines social, culturel, \u00e9ducatif, artistique, sportif, scientifique et technologique, la promotion du tourisme int\u00e9rieur et ext\u00e9rieur afin d\u2019attirer davantage de touristes et de faire conna\u00eetre les divers atouts touristiques, naturels et culturels dont regorge le Royaume, ainsi que sur l\u2019organisation de voyages \u00e0 l\u2019\u00e9chelle nationale ou internationale afin de renforcer le dialogue entre les peuples et l\u2019ouverture sur les autres civilisations.<\/strong><br \/>\n<strong>Elle pr\u00e9voit aussi la tenue de festivals et d\u2019expositions pour mettre en lumi\u00e8re les diff\u00e9rentes civilisations, les potentialit\u00e9s cr\u00e9atives et les acteurs associatifs s\u2019activant dans les domaines social, \u00e9conomique, culturel et artistique, ainsi que de tables rondes, de s\u00e9minaires et de conf\u00e9rences, avec pour finalit\u00e9 la d\u00e9fense des valeurs de tol\u00e9rance, de paix, de coexistence, de communication et de dialogue constructifs.<\/strong><br \/>\n<strong>Aux termes de cette convention, les deux parties r\u00e9affirment leur engagement et leur volont\u00e9 commune pour le raffermissement et l\u2019\u00e9largissement des champs de coop\u00e9ration et la mise \u00e0 contribution de leurs outils en vue de l\u2019ex\u00e9cution de projets communs \u00e0 port\u00e9e nationale ou internationale.<\/strong><br \/>\n<strong>L\u2019Association Essaouira-Mogador et le FICMA s\u2019engagent aussi \u00e0 mobiliser tous les moyens mat\u00e9riels, techniques et humains pour la concr\u00e9tisation des programmes et des actions convenus.<\/strong><br \/>\n<strong>En marge de la signature de cette convention, les membres du FICMA ont effectu\u00e9 une visite guid\u00e9e dans l\u2019enceinte de \u201cBayt Dakira\u201d, dans le strict respect des mesures pr\u00e9ventives en vigueur afin d\u2019enrayer la propagation de la Covid-19.<\/strong><br \/>\n<strong>Au cours de cette visite, des explications exhaustives ont \u00e9t\u00e9 fournies aux membres du Forum sur cet Espace spirituel et patrimonial de pr\u00e9servation et de valorisation de la m\u00e9moire jud\u00e9o-marocaine, unique en son genre au sud de la M\u00e9diterran\u00e9e et en terre d\u2019Islam, et qui abrite la Synagogue Slat Attia, un espace histoire et m\u00e9moire et trois entit\u00e9s de recherches (le Centre d\u2019\u00e9tudes et de recherches sur le droit h\u00e9bra\u00efque au Maroc, le Centre de recherches sur l\u2019histoire des relations entre l\u2019Islam et le Juda\u00efsme, l\u2019Institut INSANIA pour les humanit\u00e9s avanc\u00e9es en Afrique et en M\u00e9diterran\u00e9e).<\/strong><br \/>\n<strong>\u201cC\u2019est une grande joie et un immense honneur de recevoir ici \u00e0 Bayt Dakira les membres du Forum International pour la Coop\u00e9ration Maroco-Africaine et de signer cette convention-cadre de partenariat et de coop\u00e9ration\u201d, s\u2019est f\u00e9licit\u00e9 M. Ottmani dans une d\u00e9claration \u00e0 la MAP.<\/strong><br \/>\n<strong>Il a, dans ce sens, mis en en relief la port\u00e9e symbolique de la signature de cette convention en particulier dans cet Espace embl\u00e9matique \u201co\u00f9 s\u2019inscrit ce que nous partageons comme valeurs humaines, de d\u00e9veloppement socioculturel et de coexistence entre les communaut\u00e9s juive et musulmane qui aspirent, toutes, \u00e0 l\u2019\u00e9change humain \u00e0 travers le Continent africain, mais aussi \u00e0 travers le monde, dans un esprit de coop\u00e9ration mutuelle, de paix, de d\u00e9mocratie et de bonheur pour les peuples\u201d.<\/strong><br \/>\n<strong>Dans une d\u00e9claration similaire, M. A\u00eft Lamkadem a exprim\u00e9 la fiert\u00e9 et la joie des membres du Forum d\u2019effectuer une telle visite \u00e0 ce temple de l\u2019histoire et de la m\u00e9moire jud\u00e9o-marocaine, ajoutant avoir eu un large aper\u00e7u sur les composantes de \u201cBayt Dakira\u201d et les missions d\u00e9volues \u00e0 ce haut lieu qui met en valeur l\u2019affluent h\u00e9bra\u00efque, l\u2019un des principales composantes de l\u2019identit\u00e9 une et plurielle du Royaume.<\/strong><br \/>\n<strong>Evoquant la convention sign\u00e9e, il a pr\u00e9cis\u00e9 qu\u2019elle s\u2019inscrit dans le cadre du renforcement de la coop\u00e9ration et de la collaboration avec l\u2019Association Essaouira-Mogador pour la mise sur pied d\u2019actions communes au service des int\u00e9r\u00eats sup\u00e9rieurs du Royaume.<\/strong><br \/>\n<strong>Elle intervient \u00e9galement dans le sillage de la consolidation du dialogue et de la coordination avec les diff\u00e9rentes sensibilit\u00e9s et composantes du tissu associatif et t\u00e9moigne du r\u00f4le agissant que continuent de jouer les organisations de la soci\u00e9t\u00e9 civile et de leur contribution significative aux diff\u00e9rents programmes de d\u00e9veloppement \u00e9conomique, social et culturel et \u00e0 la d\u00e9fense des causes nationales, a-t-il conclu.<\/strong><\/p>\n","protected":false},"excerpt":{"rendered":"<p>Essaouira \u2013le12 Une convention-cadre de partenariat et de coop\u00e9ration a \u00e9t\u00e9 sign\u00e9e, dimanche soir \u00e0 l\u2019Espace Bayt Dakira, entre l\u2019Association Essaouira-Mogador et le Forum International pour la Coop\u00e9ration Maroco-Africaine (FICMA) en vue de la consolidation de l\u2019action associative commune dans divers domaines. Cette convention a \u00e9t\u00e9 paraph\u00e9e par le pr\u00e9sident du bureau ex\u00e9cutif de l\u2019Association [&hellip;]<\/p>\n","protected":false},"author":4,"featured_media":11930,"comment_status":"open","ping_status":"open","sticky":false,"template":"","format":"standard","meta":[],"categories":[26,31],"tags":[],"yst_prominent_words":[705,695,357],"jetpack_featured_media_url":"https:\/\/le12.ma\/fr\/wp-content\/uploads\/2021\/02\/Sans-titre145.jpg","_links":{"self":[{"href":"https:\/\/le12.ma\/fr\/wp-json\/wp\/v2\/posts\/11929"}],"collection":[{"href":"https:\/\/le12.ma\/fr\/wp-json\/wp\/v2\/posts"}],"about":[{"href":"https:\/\/le12.ma\/fr\/wp-json\/wp\/v2\/types\/post"}],"author":[{"embeddable":true,"href":"https:\/\/le12.ma\/fr\/wp-json\/wp\/v2\/users\/4"}],"replies":[{"embeddable":true,"href":"https:\/\/le12.ma\/fr\/wp-json\/wp\/v2\/comments?post=11929"}],"version-history":[{"count":1,"href":"https:\/\/le12.ma\/fr\/wp-json\/wp\/v2\/posts\/11929\/revisions"}],"predecessor-version":[{"id":11931,"href":"https:\/\/le12.ma\/fr\/wp-json\/wp\/v2\/posts\/11929\/revisions\/11931"}],"wp:featuredmedia":[{"embeddable":true,"href":"https:\/\/le12.ma\/fr\/wp-json\/wp\/v2\/media\/11930"}],"wp:attachment":[{"href":"https:\/\/le12.ma\/fr\/wp-json\/wp\/v2\/media?parent=11929"}],"wp:term":[{"taxonomy":"category","embeddable":true,"href":"https:\/\/le12.ma\/fr\/wp-json\/wp\/v2\/categories?post=11929"},{"taxonomy":"post_tag","embeddable":true,"href":"https:\/\/le12.ma\/fr\/wp-json\/wp\/v2\/tags?post=11929"},{"taxonomy":"yst_prominent_words","embeddable":true,"href":"https:\/\/le12.ma\/fr\/wp-json\/wp\/v2\/yst_prominent_words?post=11929"}],"curies":[{"name":"wp","href":"https:\/\/api.w.org\/{rel}","templated":true}]}}