{"id":11887,"date":"2021-01-31T16:30:45","date_gmt":"2021-01-31T15:30:45","guid":{"rendered":"https:\/\/le12.ma\/fr\/?p=11887"},"modified":"2021-01-31T15:13:30","modified_gmt":"2021-01-31T14:13:30","slug":"new-breath-une-exposition-collective-a-tanger-des-laureats-de-linstitut-national-des-beaux-arts","status":"publish","type":"post","link":"https:\/\/le12.ma\/fr\/new-breath-une-exposition-collective-a-tanger-des-laureats-de-linstitut-national-des-beaux-arts\/","title":{"rendered":"New breath\u201d, une exposition collective \u00e0 Tanger des laur\u00e9ats de l\u2019Institut national des beaux-arts"},"content":{"rendered":"<p><span style=\"color: #ff0000;\"><strong>Tanger \u2013le12<\/strong><\/span><\/p>\n<p><strong> Le vernissage de l\u2019exposition \u201cNew breath\u201d a eu lieu, samedi \u00e0 Tanger, avec la participation de quelque 8 artistes laur\u00e9ats de l\u2019Institut national des beaux-arts de T\u00e9touan (INBA).<\/strong><\/p>\n<p><strong>Organis\u00e9e en coop\u00e9ration avec la Gallery Kent et l\u2019Institut Cervantes, l\u2019exposition, qui se poursuivra jusqu\u2019au 6 mars, se veut un tremplin pour les jeunes laur\u00e9ats de l\u2019INBA, comme en t\u00e9moigne la participation de 4 jeunes artistes dans la cat\u00e9gorie des arts plastiques et 3 autres dans la bande dessin\u00e9e.<\/strong><\/p>\n<p><strong>L\u2019exposition met en avant le deuxi\u00e8me num\u00e9ro du projet \u201cINBA G\u00e9n\u00e9ration\u201d, qui regroupe les cr\u00e9ations des jeunes laur\u00e9ats dans les cat\u00e9gories arts plastiques et bande dessin\u00e9e, a indiqu\u00e9 le directeur de l\u2019INBA, Mehdi Zouak, dans une d\u00e9claration \u00e0 la MAP.<\/strong><\/p>\n<p><strong>Apr\u00e8s avoir mis l\u2019accent sur la particularit\u00e9 de la formation en bande dessin\u00e9e \u00e0 l\u2019\u00e9chelle continentale et dans le monde arabe, M. Zouak a fait savoir que cette exposition constitue une opportunit\u00e9 pour les laur\u00e9ats et les jeunes artistes d\u2019exposer dans des conditions professionnelles et s\u2019ouvrir sur le march\u00e9 de l\u2019emploi.<\/strong><\/p>\n<p><strong>L\u2019administration de l\u2019institut \u0153uvre pour garantir une bonne formation aux \u00e9tudiants et les accompagner au cours des premi\u00e8res ann\u00e9es de leur obtention du dipl\u00f4me afin d\u2019assurer des perspectives de carri\u00e8re prometteuses, a-t-il ajout\u00e9.<\/strong><\/p>\n<p><strong>De son c\u00f4t\u00e9, le commissaire de l\u2019exposition, Omar Saadoune, a indiqu\u00e9 que la deuxi\u00e8me \u00e9dition de cette exposition est marqu\u00e9e par une carte blanche accord\u00e9e \u00e0 l\u2019artiste et professeur Aziz Oumoussa, sp\u00e9cialis\u00e9 dans la bande dessin\u00e9e, notant que c\u2019est une premi\u00e8re de pr\u00e9senter les bandes dessin\u00e9es dans une galerie d\u2019art et ce dans le but de soutenir les potentialit\u00e9s des jeunes.<\/strong><\/p>\n<p><strong>\u201cLes jeunes cr\u00e9ateurs sont l\u2019avenir et parier sur la jeunesse n\u2019est pas chose facile, mais nous croyons en leurs capacit\u00e9s \u00e0 relever les d\u00e9fis\u201d, a pr\u00e9cis\u00e9, pour sa part, la directrice de la Gallery Kent, Aziza Laraki.<\/strong><\/p>\n<p><strong>Quant aux jeunes artistes participant \u00e0 l\u2019exposition, ils ont confi\u00e9 que leurs oeuvres expos\u00e9es refl\u00e8tent des sc\u00e8nes de la r\u00e9alit\u00e9 sociale marocaine, puisant dans ses particularit\u00e9s et ses mythes.<\/strong><\/p>\n<p><strong>Ont pris part \u00e0 cette exposition dans la cat\u00e9gorie art plastique, Rahma El Houssig, Hajar El Moustaassime et Reda Boudina, tandis que le professeur Aziz Oumoussa et les anciens laur\u00e9ats, Anass Elkho, Ahmed Khiri et Kamal Afassi y ont particip\u00e9 dans la cat\u00e9gorie bande dessin\u00e9e.<\/strong><\/p>\n","protected":false},"excerpt":{"rendered":"<p>Tanger \u2013le12 Le vernissage de l\u2019exposition \u201cNew breath\u201d a eu lieu, samedi \u00e0 Tanger, avec la participation de quelque 8 artistes laur\u00e9ats de l\u2019Institut national des beaux-arts de T\u00e9touan (INBA). Organis\u00e9e en coop\u00e9ration avec la Gallery Kent et l\u2019Institut Cervantes, l\u2019exposition, qui se poursuivra jusqu\u2019au 6 mars, se veut un tremplin pour les jeunes laur\u00e9ats [&hellip;]<\/p>\n","protected":false},"author":4,"featured_media":11888,"comment_status":"open","ping_status":"open","sticky":false,"template":"","format":"standard","meta":[],"categories":[26,31],"tags":[],"yst_prominent_words":[2848,1957,2852,4473,409],"jetpack_featured_media_url":"https:\/\/le12.ma\/fr\/wp-content\/uploads\/2021\/01\/20210131_151214.jpg","_links":{"self":[{"href":"https:\/\/le12.ma\/fr\/wp-json\/wp\/v2\/posts\/11887"}],"collection":[{"href":"https:\/\/le12.ma\/fr\/wp-json\/wp\/v2\/posts"}],"about":[{"href":"https:\/\/le12.ma\/fr\/wp-json\/wp\/v2\/types\/post"}],"author":[{"embeddable":true,"href":"https:\/\/le12.ma\/fr\/wp-json\/wp\/v2\/users\/4"}],"replies":[{"embeddable":true,"href":"https:\/\/le12.ma\/fr\/wp-json\/wp\/v2\/comments?post=11887"}],"version-history":[{"count":1,"href":"https:\/\/le12.ma\/fr\/wp-json\/wp\/v2\/posts\/11887\/revisions"}],"predecessor-version":[{"id":11889,"href":"https:\/\/le12.ma\/fr\/wp-json\/wp\/v2\/posts\/11887\/revisions\/11889"}],"wp:featuredmedia":[{"embeddable":true,"href":"https:\/\/le12.ma\/fr\/wp-json\/wp\/v2\/media\/11888"}],"wp:attachment":[{"href":"https:\/\/le12.ma\/fr\/wp-json\/wp\/v2\/media?parent=11887"}],"wp:term":[{"taxonomy":"category","embeddable":true,"href":"https:\/\/le12.ma\/fr\/wp-json\/wp\/v2\/categories?post=11887"},{"taxonomy":"post_tag","embeddable":true,"href":"https:\/\/le12.ma\/fr\/wp-json\/wp\/v2\/tags?post=11887"},{"taxonomy":"yst_prominent_words","embeddable":true,"href":"https:\/\/le12.ma\/fr\/wp-json\/wp\/v2\/yst_prominent_words?post=11887"}],"curies":[{"name":"wp","href":"https:\/\/api.w.org\/{rel}","templated":true}]}}