{"id":11729,"date":"2021-01-29T11:30:07","date_gmt":"2021-01-29T10:30:07","guid":{"rendered":"https:\/\/le12.ma\/fr\/?p=11729"},"modified":"2021-01-29T10:48:58","modified_gmt":"2021-01-29T09:48:58","slug":"la-protection-juridique-du-patrimoine-culturel-au-coeur-dune-table-ronde-a-rabat","status":"publish","type":"post","link":"https:\/\/le12.ma\/fr\/la-protection-juridique-du-patrimoine-culturel-au-coeur-dune-table-ronde-a-rabat\/","title":{"rendered":"La protection juridique du patrimoine culturel au c\u0153ur d\u2019une table-ronde \u00e0 Rabat"},"content":{"rendered":"<p><span style=\"color: #ff0000;\"><strong>Rabat \u2013 le12<\/strong><\/span><\/p>\n<p><strong>Une table-ronde autour de la th\u00e9matique \u201cla protection juridique du patrimoine culturel, enjeux et perspectives\u201d a \u00e9t\u00e9 organis\u00e9e, jeudi, par le minist\u00e8re de la Culture, de la jeunesse et des sports, en partenariat avec la Fondation pour la sauvegarde du patrimoine culturel de Rabat, pr\u00e9sid\u00e9e par SAR la Princesse Lalla Hasnaa.<\/strong><br \/>\n<strong>Cet \u00e9v\u00e8nement a \u00e9t\u00e9 l\u2019occasion pour le minist\u00e8re de r\u00e9unir, avec le concours de la Fondation pour la Sauvegarde du patrimoine culturel, des experts internationaux et des acteurs nationaux pour \u00e9changer autour des \u00e9volutions de la notion du \u201cpatrimoine culturel mat\u00e9riel et immat\u00e9riel\u201d, de son cadre juridique international et des possibilit\u00e9s de renforcement de la l\u00e9gislation nationale \u00e0 l\u2019aune des normes universelles.<\/strong><br \/>\n<strong>La notion du \u201cpatrimoine culturel\u201d ne cesse en effet d\u2019\u00e9voluer, sachant qu\u2019\u00e0 l\u2019origine, elle renvoyait aux seuls vestiges et monuments, soulignent les organisateurs dans un communiqu\u00e9. Au fil des ann\u00e9es, le concept s\u2019est \u00e9largi progressivement \u00e0 des \u00e9l\u00e9ments repr\u00e9sentatifs et homog\u00e8nes, \u00e0 la fois sur le plan esth\u00e9tique et symbolique qui englobe des ensembles urbains, des sites naturels et des paysages culturels, allant jusqu\u2019\u00e0 inclure des aspects immat\u00e9riels comme le savoir-faire, les us et coutumes.<\/strong><br \/>\n<strong>Associant experts nationaux et internationaux, universitaires, professionnels et soci\u00e9t\u00e9 civile, cette table ronde avait pour objectif non seulement de porter un regard r\u00e9trospectif sur les diff\u00e9rentes \u00e9volutions, mais \u00e9galement d\u2019envisager, de mani\u00e8re prospective, le champ patrimonial dans une approche \u00e9volutive et compar\u00e9e en relation avec la l\u00e9gislation internationale de protection du patrimoine culturel mat\u00e9riel et immat\u00e9riel.<\/strong><br \/>\n<strong>Promulgu\u00e9e en 1981, la loi 22-80 compl\u00e9t\u00e9e en 2006 par la loi 19-05, est le principal cadre qui r\u00e9git la conservation du patrimoine culturel au Maroc.<\/strong><br \/>\n<strong>A travers une lecture critique de cette loi, cette rencontre a permis au minist\u00e8re de de la Culture, de la jeunesse et des sports de recueillir, dans une approche participative, les recommandations des diff\u00e9rents experts et acteurs du domaine pour aller vers un renforcement du cadre juridique marocain, dans l\u2019objectif de le mettre en phase avec les normes universelles.<\/strong><br \/>\n<strong>\u00c0 travers deux tables-rondes, dont le focus \u00e9tait sur le Patrimoine culturel dans le droit international et dans le droit marocain, cette rencontre a permis de dresser un \u00e9tat des lieux, de d\u00e9finir les enjeux et les probl\u00e9matiques r\u00e9glementaires relatives \u00e0 la protection juridique du patrimoine marocain en interaction avec son environnement r\u00e9gional et international pour aboutir \u00e0 la formulation des \u00e9volutions souhaitables de la r\u00e9glementation nationale, \u00e0 travers notamment la mise \u00e0 jour de la loi 22-80 encadrant \u201cla conservation des monuments historiques et des sites, des inscriptions, des objets d\u2019art et d\u2019antiquit\u00e9\u201d.<\/strong><br \/>\n<strong>Les recommandations adopt\u00e9es appellent \u00e0 regrouper dans un seul code national du patrimoine culturel l\u2019ensemble de la r\u00e9glementation et toutes les r\u00e8gles qui le r\u00e9gissant.<\/strong><br \/>\n<strong>Elles pr\u00e9conisent aussi d\u2019unifier et harmoniser la terminologie et les nouveaux concepts relatifs au patrimoine culturel dans la l\u00e9gislation marocaine \u00e0 la lumi\u00e8re des conventions internationales ratifi\u00e9es par le Maroc (VUE, Attributs, EIP, PHU, Arch\u00e9ologie pr\u00e9ventive).<\/strong><br \/>\n<strong>Les participants ont de m\u00eame recommand\u00e9 d\u2019int\u00e9grer, dans le corps de la loi, des dispositions relatives aux instituts de formation et aux m\u00e9tiers du patrimoine (techniciens restaurateurs, conservateurs, inspecteurs des monuments historiques, architectes du patrimoine).<\/strong><br \/>\n<strong>Il s\u2019agit \u00e9galement d\u2019int\u00e9grer dans le corps de la loi des mesures incitatives et de nouveaux modes de financement pour prot\u00e9ger et restaurer le patrimoine culturel.<\/strong><br \/>\n<strong>Ils ont en outre recommand\u00e9 de pr\u00e9voir des m\u00e9canismes permettant la concertation et la participation de la soci\u00e9t\u00e9 civile et des citoyens dans la gestion et la sauvegarde du patrimoine culturel, et de revoir la proc\u00e9dure d\u2019inventaire, d\u2019inscription et de classement pour plus d\u2019efficacit\u00e9 et d\u2019efficience.<\/strong><br \/>\n<strong>La table-ronde a d\u2019autre part appel\u00e9 \u00e0 pr\u00e9voir dans la loi de nouveaux modes de gestion et de gouvernance du patrimoine culturel comme la cr\u00e9ation de soci\u00e9t\u00e9 de d\u00e9veloppement local, et \u00e0 d\u00e9finir la notion du plan d\u2019am\u00e9nagement et de sauvegarde dans la loi sur l\u2019urbanisme.<\/strong><br \/>\n<strong>Depuis l\u2019inscription de la capitale au patrimoine mondial de l\u2019humanit\u00e9 en 2012, la Fondation pour la sauvegarde du patrimoine culturel de Rabat, a \u00e9t\u00e9 consacr\u00e9e en tant qu\u2019organe transversal de coordination des actions de sauvegarde et de mise en valeur du patrimoine pr\u00e9vu par le plan de gestion, outil de gouvernance du bien inscrit par l\u2019Unesco.<\/strong><br \/>\n<strong>Elle a pour vocation de perp\u00e9tuer et de transmettre les valeurs historiques, architecturales, artistiques, paysag\u00e8res, mat\u00e9rielles et immat\u00e9rielles inh\u00e9rentes au patrimoine de Rabat. Pour ce faire, elle assure la veille des projets en cours et existants, favorise la synergie entre les acteurs concern\u00e9s par la sauvegarde du patrimoine et \u0153uvre pour la sensibilisation, la promotion et l\u2019\u00e9valuation de l\u2019\u00e9tat de conservation du patrimoine.<\/strong><\/p>\n","protected":false},"excerpt":{"rendered":"<p>Rabat \u2013 le12 Une table-ronde autour de la th\u00e9matique \u201cla protection juridique du patrimoine culturel, enjeux et perspectives\u201d a \u00e9t\u00e9 organis\u00e9e, jeudi, par le minist\u00e8re de la Culture, de la jeunesse et des sports, en partenariat avec la Fondation pour la sauvegarde du patrimoine culturel de Rabat, pr\u00e9sid\u00e9e par SAR la Princesse Lalla Hasnaa. Cet [&hellip;]<\/p>\n","protected":false},"author":4,"featured_media":11730,"comment_status":"open","ping_status":"open","sticky":false,"template":"","format":"standard","meta":[],"categories":[26,31,24],"tags":[],"yst_prominent_words":[263,255],"jetpack_featured_media_url":"https:\/\/le12.ma\/fr\/wp-content\/uploads\/2021\/01\/el-ferdaous-MAP.jpg","_links":{"self":[{"href":"https:\/\/le12.ma\/fr\/wp-json\/wp\/v2\/posts\/11729"}],"collection":[{"href":"https:\/\/le12.ma\/fr\/wp-json\/wp\/v2\/posts"}],"about":[{"href":"https:\/\/le12.ma\/fr\/wp-json\/wp\/v2\/types\/post"}],"author":[{"embeddable":true,"href":"https:\/\/le12.ma\/fr\/wp-json\/wp\/v2\/users\/4"}],"replies":[{"embeddable":true,"href":"https:\/\/le12.ma\/fr\/wp-json\/wp\/v2\/comments?post=11729"}],"version-history":[{"count":1,"href":"https:\/\/le12.ma\/fr\/wp-json\/wp\/v2\/posts\/11729\/revisions"}],"predecessor-version":[{"id":11731,"href":"https:\/\/le12.ma\/fr\/wp-json\/wp\/v2\/posts\/11729\/revisions\/11731"}],"wp:featuredmedia":[{"embeddable":true,"href":"https:\/\/le12.ma\/fr\/wp-json\/wp\/v2\/media\/11730"}],"wp:attachment":[{"href":"https:\/\/le12.ma\/fr\/wp-json\/wp\/v2\/media?parent=11729"}],"wp:term":[{"taxonomy":"category","embeddable":true,"href":"https:\/\/le12.ma\/fr\/wp-json\/wp\/v2\/categories?post=11729"},{"taxonomy":"post_tag","embeddable":true,"href":"https:\/\/le12.ma\/fr\/wp-json\/wp\/v2\/tags?post=11729"},{"taxonomy":"yst_prominent_words","embeddable":true,"href":"https:\/\/le12.ma\/fr\/wp-json\/wp\/v2\/yst_prominent_words?post=11729"}],"curies":[{"name":"wp","href":"https:\/\/api.w.org\/{rel}","templated":true}]}}