{"id":11649,"date":"2021-01-28T16:30:59","date_gmt":"2021-01-28T15:30:59","guid":{"rendered":"https:\/\/le12.ma\/fr\/?p=11649"},"modified":"2021-01-28T14:40:28","modified_gmt":"2021-01-28T13:40:28","slug":"le-theatre-amazigh-une-valeur-ajoutee-pour-lart-dramatique-marocain","status":"publish","type":"post","link":"https:\/\/le12.ma\/fr\/le-theatre-amazigh-une-valeur-ajoutee-pour-lart-dramatique-marocain\/","title":{"rendered":"Le th\u00e9\u00e2tre amazigh, une valeur ajout\u00e9e pour l\u2019art dramatique marocain"},"content":{"rendered":"<p><span style=\"color: #ff0000;\"><strong>Casablanca \u2013le12<\/strong><\/span><\/p>\n<p><strong> Dans le giron des pi\u00e8ces amazigh produites au cours des derni\u00e8res ann\u00e9es, des exp\u00e9riences th\u00e9\u00e2trales ont \u00e9merg\u00e9 du lot pour consacrer le rayonnement et la splendeur de cette expression artistique, en puisant dans le large r\u00e9pertoire des techniques dramatiques et en observant les r\u00e8gles les plus rigoureuses dans le domaine de production et de r\u00e9alisation d\u2019une \u0153uvre dramatique.<\/strong><br \/>\n<strong>Si ces exp\u00e9riences, qui constituent un apport qualitatif dans le domaine du quatri\u00e8me art, se sont impos\u00e9es sur la sc\u00e8ne nationale, c\u2019est justement parce que les artistes, les r\u00e9alisateurs et les techniciens ont une vision claire concernant cet enchev\u00eatrement entre l\u2019art et la donne identitaire, ce qui a assur\u00e9 \u00e0 l\u2019exp\u00e9rience th\u00e9\u00e2trale amazighe, riche par sa diversit\u00e9, une large diffusion aupr\u00e8s d\u2019un public d\u00e9sireux d\u2019\u00e9treindre de nouvelles tendances.<\/strong><br \/>\n<strong>De la production en passant par la mise en sc\u00e8ne jusqu\u2019\u00e0 la pr\u00e9sentation au public, le th\u00e9\u00e2tre marocain amazigh a accumul\u00e9, au fil du temps, un capital ind\u00e9niable en termes de cr\u00e9ativit\u00e9 et d\u2019innovation, venant enrichir la production dramatique et culturelle nationale.<\/strong><br \/>\n<strong>La trajectoire de cette exp\u00e9rience th\u00e9\u00e2trale, qui fait partie des efforts de valorisation des diff\u00e9rents affluents de l\u2019identit\u00e9 nationale, rappelle l\u2019importance de porter davantage d\u2019int\u00e9r\u00eat \u00e0 la culture amazighe dans son ensemble, a consid\u00e9r\u00e9 dans une d\u00e9claration \u00e0 la MAP Mohammed Laaziz, \u00e9crivain et chercheur en th\u00e9\u00e2tre et auteur du livre \u201cEtudes sur le th\u00e9\u00e2tre marocain amazigh\u201d publi\u00e9 r\u00e9cemment dans les \u00e9ditions de l\u2019Institut royal de la culture amazighe.<\/strong><br \/>\n<strong>M. Laaziz, qui est \u00e9galement l\u2019auteur de l\u2019ouvrage \u201cLecture dans le texte th\u00e9\u00e2tral\u201d publi\u00e9 en 2011, estime que cet int\u00e9r\u00eat se manifeste g\u00e9n\u00e9ralement dans le cadre de ce mouvement appel\u00e9 par certains observateurs \u201cl\u2019\u00e9veil amazigh\u201d, en r\u00e9f\u00e9rence \u00e0 l\u2019int\u00e9r\u00eat croissant pour cet affluent identitaire national, qui cristallise un nombre grandissants de recherches et d\u2019\u00e9tudes pour mieux appr\u00e9hender ses expressions culturelles et artistiques.<\/strong><br \/>\n<strong>En capitalisant sur sa lecture de plusieurs \u0153uvres th\u00e9\u00e2trales amazighes modernes, M. Laaziz a fait observer que l\u2019\u00e9valuation de l\u2019exp\u00e9rience th\u00e9\u00e2trale amazighe, malgr\u00e9 sa nouveaut\u00e9 et quelles que soient ses particularit\u00e9s par rapport aux autres exp\u00e9riences marocaines, est encore pr\u00e9matur\u00e9e et n\u00e9cessite plus de temps pour que ce th\u00e9\u00e2tre fortifie solidement ses fondements, mette en place ses propres r\u00e8gles et que ses sp\u00e9cificit\u00e9s deviennent plus claires et plus fortes.<\/strong><br \/>\n<strong>Cela n\u2019emp\u00eache, cependant, de d\u00e9celer certains aspects de ces sp\u00e9cificit\u00e9s qui ont \u00e9t\u00e9 enracin\u00e9es depuis la cr\u00e9ation de ce th\u00e9\u00e2tre, il y a trois d\u00e9cennies.<\/strong><br \/>\n<strong>La caract\u00e9ristique la plus importante de cette particularit\u00e9, dit-il, est la langue amazighe elle-m\u00eame qui ne signifie rien d\u2019autre que la pr\u00e9sence humaine qui porte cette langue, rappelant qu\u2019en d\u00e9pit des milliers d\u2019ann\u00e9es et des mutations d\u2019une longue histoire des Amazighs, les populations de cette communaut\u00e9 existent de l\u2019ouest de l\u2019Egypte \u00e0 l\u2019oc\u00e9an Atlantique et de la M\u00e9diterran\u00e9e au sud du Niger, une zone g\u00e9ographique qui comprend environ douze pays africains dans lesquels vivent des populations d\u2019expression amazighe et dont les pratiques th\u00e9\u00e2trales diff\u00e8rent et qui ont besoin d\u2019une lecture \u00e0 m\u00eame d\u2019assurer son d\u00e9veloppement et sa grandeur.<\/strong><br \/>\n<strong>Concernant l\u2019ouvrage \u201cEtudes sur le th\u00e9\u00e2tre marocain amazigh\u201d, qui vient d\u2019\u00eatre publi\u00e9, M. Laaziz a rappel\u00e9 qu\u2019il comprend des articles consacr\u00e9s \u00e0 l\u2019histoire amazighe avec pour objectifs de jeter la lumi\u00e8re sur les sp\u00e9cificit\u00e9s de la culture artistique amazighe depuis l\u2019Antiquit\u00e9, en passant par les \u00e9poques grecque et romaine et les impacts des frictions culturelles avec d\u2019autres civilisations voisines notamment la civilisation pharaonique.<\/strong><br \/>\n<strong>Et d\u2019insister que l\u2019ouvrage est un appel sans ambages \u00e0 l\u2019adresse des chercheurs marocains en vue d\u2019accorder plus d\u2019attention \u00e0 la recherche dans l\u2019histoire amazighe, le but \u00e9tant de d\u00e9couvrir ses tr\u00e9sors enfouis dont le citoyen marocain a besoin de connaitre les sp\u00e9cificit\u00e9s et de faire la lumi\u00e8re sur la valeur de cette civilisation, qui n\u2019a rien \u00e0 envier \u00e0 toutes les civilisations ayant v\u00e9cu sur les territoires d\u2019Afrique du Nord qui s\u2019\u00e9tendent de l\u2019ouest de l\u2019Egypte aux \u00eeles Canaries et de la M\u00e9diterran\u00e9e au Burkina Faso au sud.<\/strong><br \/>\n<strong>C\u2019est \u00e0 partir de l\u00e0, dit-il, que l\u2019ouvrage a essay\u00e9 de creuser dans la m\u00e9moire historique en qu\u00eate d\u2019arts du spectacle et des vestiges pouvant \u00eatre trouv\u00e9s sur le plan architectural et documentaire, en faisant allusion \u00e0 ces spectacles toujours vivants dans diff\u00e9rentes r\u00e9gions du Maroc du nord rifain au sud du Souss en passant par les montagnes de l\u2019Atlas, ses plateaux et ses villes.<\/strong><\/p>\n","protected":false},"excerpt":{"rendered":"<p>Casablanca \u2013le12 Dans le giron des pi\u00e8ces amazigh produites au cours des derni\u00e8res ann\u00e9es, des exp\u00e9riences th\u00e9\u00e2trales ont \u00e9merg\u00e9 du lot pour consacrer le rayonnement et la splendeur de cette expression artistique, en puisant dans le large r\u00e9pertoire des techniques dramatiques et en observant les r\u00e8gles les plus rigoureuses dans le domaine de production et [&hellip;]<\/p>\n","protected":false},"author":4,"featured_media":11650,"comment_status":"open","ping_status":"open","sticky":false,"template":"","format":"standard","meta":[],"categories":[26,31],"tags":[],"yst_prominent_words":[584,582,454],"jetpack_featured_media_url":"https:\/\/le12.ma\/fr\/wp-content\/uploads\/2021\/01\/theatre-amazigh.jpg","_links":{"self":[{"href":"https:\/\/le12.ma\/fr\/wp-json\/wp\/v2\/posts\/11649"}],"collection":[{"href":"https:\/\/le12.ma\/fr\/wp-json\/wp\/v2\/posts"}],"about":[{"href":"https:\/\/le12.ma\/fr\/wp-json\/wp\/v2\/types\/post"}],"author":[{"embeddable":true,"href":"https:\/\/le12.ma\/fr\/wp-json\/wp\/v2\/users\/4"}],"replies":[{"embeddable":true,"href":"https:\/\/le12.ma\/fr\/wp-json\/wp\/v2\/comments?post=11649"}],"version-history":[{"count":1,"href":"https:\/\/le12.ma\/fr\/wp-json\/wp\/v2\/posts\/11649\/revisions"}],"predecessor-version":[{"id":11651,"href":"https:\/\/le12.ma\/fr\/wp-json\/wp\/v2\/posts\/11649\/revisions\/11651"}],"wp:featuredmedia":[{"embeddable":true,"href":"https:\/\/le12.ma\/fr\/wp-json\/wp\/v2\/media\/11650"}],"wp:attachment":[{"href":"https:\/\/le12.ma\/fr\/wp-json\/wp\/v2\/media?parent=11649"}],"wp:term":[{"taxonomy":"category","embeddable":true,"href":"https:\/\/le12.ma\/fr\/wp-json\/wp\/v2\/categories?post=11649"},{"taxonomy":"post_tag","embeddable":true,"href":"https:\/\/le12.ma\/fr\/wp-json\/wp\/v2\/tags?post=11649"},{"taxonomy":"yst_prominent_words","embeddable":true,"href":"https:\/\/le12.ma\/fr\/wp-json\/wp\/v2\/yst_prominent_words?post=11649"}],"curies":[{"name":"wp","href":"https:\/\/api.w.org\/{rel}","templated":true}]}}