{"id":11512,"date":"2021-01-27T13:00:35","date_gmt":"2021-01-27T12:00:35","guid":{"rendered":"https:\/\/le12.ma\/fr\/?p=11512"},"modified":"2021-01-27T11:06:19","modified_gmt":"2021-01-27T10:06:19","slug":"la-1ere-edition-du-ficic-de-casablanca-du-27-au-31-janvier-en-format-digital","status":"publish","type":"post","link":"https:\/\/le12.ma\/fr\/la-1ere-edition-du-ficic-de-casablanca-du-27-au-31-janvier-en-format-digital\/","title":{"rendered":"La 1\u00e8re \u00e9dition du FICIC de Casablanca, du 27 au 31 janvier en format digital"},"content":{"rendered":"<p><span style=\"color: #ff0000;\"><strong>Rabat \u2013le12<\/strong><\/span><\/p>\n<p><strong>\u00a0La premi\u00e8re \u00e9dition du Festival International du Cin\u00e9ma Ind\u00e9pendant de Casablanca (FICIC) se tiendra en ligne, du 27 au 31 janvier 2021.<\/strong><br \/>\n<strong>Cette premi\u00e8re \u00e9dition conna\u00eetra la participation de 12 longs-m\u00e9trages et 18 courts-m\u00e9trages, issus d\u2019une trentaine de pays et ayant sorti entre 2019 et 2021, indiquent les organisateurs dans un communiqu\u00e9.<\/strong><br \/>\n<strong>Bien que l\u2019incertitude li\u00e9e \u00e0 la reprise des manifestations en pr\u00e9sentiel reste d\u2019actualit\u00e9, une adoption digitale de cette premi\u00e8re \u00e9dition du FICIC a \u00e9t\u00e9 adopt\u00e9e, par la diffusion gratuite des films en lice sur la plateforme du Festival, \u00e0 savoir www.ficic.casablanca.com, fait savoir la m\u00eame source.<\/strong><br \/>\n<strong>Le jury de cette premi\u00e8re \u00e9dition, pr\u00e9sid\u00e9 par le r\u00e9alisateur, sc\u00e9nariste et producteur fran\u00e7ais Manuel Sanchez, est compos\u00e9 de la critique de cin\u00e9ma syrienne Randa Al Rahwanji, de l\u2019actrice marocaine Nezha Rahil, de la journaliste et charg\u00e9e de programmation fran\u00e7aise Isabelle Buron, du po\u00e8te et directeur artistique du Festival Saoudien du film Aflam Saudi (Saudi Film Festival), Ahmed Al Mulla et de l\u2019acteur ha\u00eftien Jimmy Jean-Louis.<\/strong><br \/>\n<strong>En plus des prix classiques, cette \u00e9dition est rehauss\u00e9e par la cr\u00e9ation d\u2019un prix sp\u00e9cial, en hommage \u00e0 la ville de Casablanca portant le nom de \u201cAnfa\u201d, a tenu \u00e0 pr\u00e9ciser le communiqu\u00e9.<\/strong><br \/>\n<strong>Le festival est une occasion pour promouvoir le cin\u00e9ma ind\u00e9pendant et lui redonner un nouveau souffle, en cette p\u00e9riode de crise d\u2019art, accentu\u00e9e par l\u2019impact de la pand\u00e9mie du coronavirus, qui a mis \u00e0 mal tout un secteur essentiel, conclut le communiqu\u00e9.<\/strong><\/p>\n","protected":false},"excerpt":{"rendered":"<p>Rabat \u2013le12 \u00a0La premi\u00e8re \u00e9dition du Festival International du Cin\u00e9ma Ind\u00e9pendant de Casablanca (FICIC) se tiendra en ligne, du 27 au 31 janvier 2021. Cette premi\u00e8re \u00e9dition conna\u00eetra la participation de 12 longs-m\u00e9trages et 18 courts-m\u00e9trages, issus d\u2019une trentaine de pays et ayant sorti entre 2019 et 2021, indiquent les organisateurs dans un communiqu\u00e9. Bien [&hellip;]<\/p>\n","protected":false},"author":4,"featured_media":11513,"comment_status":"open","ping_status":"open","sticky":false,"template":"","format":"standard","meta":[],"categories":[26,31],"tags":[],"yst_prominent_words":[4183,138,80,1000,145,257,457,818,3369],"jetpack_featured_media_url":"https:\/\/le12.ma\/fr\/wp-content\/uploads\/2021\/01\/festival-2021-1.jpg","_links":{"self":[{"href":"https:\/\/le12.ma\/fr\/wp-json\/wp\/v2\/posts\/11512"}],"collection":[{"href":"https:\/\/le12.ma\/fr\/wp-json\/wp\/v2\/posts"}],"about":[{"href":"https:\/\/le12.ma\/fr\/wp-json\/wp\/v2\/types\/post"}],"author":[{"embeddable":true,"href":"https:\/\/le12.ma\/fr\/wp-json\/wp\/v2\/users\/4"}],"replies":[{"embeddable":true,"href":"https:\/\/le12.ma\/fr\/wp-json\/wp\/v2\/comments?post=11512"}],"version-history":[{"count":1,"href":"https:\/\/le12.ma\/fr\/wp-json\/wp\/v2\/posts\/11512\/revisions"}],"predecessor-version":[{"id":11514,"href":"https:\/\/le12.ma\/fr\/wp-json\/wp\/v2\/posts\/11512\/revisions\/11514"}],"wp:featuredmedia":[{"embeddable":true,"href":"https:\/\/le12.ma\/fr\/wp-json\/wp\/v2\/media\/11513"}],"wp:attachment":[{"href":"https:\/\/le12.ma\/fr\/wp-json\/wp\/v2\/media?parent=11512"}],"wp:term":[{"taxonomy":"category","embeddable":true,"href":"https:\/\/le12.ma\/fr\/wp-json\/wp\/v2\/categories?post=11512"},{"taxonomy":"post_tag","embeddable":true,"href":"https:\/\/le12.ma\/fr\/wp-json\/wp\/v2\/tags?post=11512"},{"taxonomy":"yst_prominent_words","embeddable":true,"href":"https:\/\/le12.ma\/fr\/wp-json\/wp\/v2\/yst_prominent_words?post=11512"}],"curies":[{"name":"wp","href":"https:\/\/api.w.org\/{rel}","templated":true}]}}