{"id":11480,"date":"2021-01-27T10:31:13","date_gmt":"2021-01-27T09:31:13","guid":{"rendered":"https:\/\/le12.ma\/fr\/?p=11480"},"modified":"2021-01-27T10:31:13","modified_gmt":"2021-01-27T09:31:13","slug":"lf-2021-un-travail-participatif-en-faveur-de-la-relance-m-alj","status":"publish","type":"post","link":"https:\/\/le12.ma\/fr\/lf-2021-un-travail-participatif-en-faveur-de-la-relance-m-alj\/","title":{"rendered":"LF-2021: Un travail participatif en faveur de la relance (M. Alj)"},"content":{"rendered":"<p><span style=\"color: #ff0000;\"><strong>Casablanca \u2013le12<\/strong><\/span><\/p>\n<p><strong> La loi de Finances (LF) au titre de l\u2019ann\u00e9e budg\u00e9taire 2021 est le fruit d\u2019un travail participatif men\u00e9 pour garantir la relance de l\u2019\u00e9conomie nationale apr\u00e8s le contexte de crise sanitaire li\u00e9e \u00e0 la pand\u00e9mie du nouveau coronavirus (covid-19), a soulign\u00e9, mardi \u00e0 Casablanca, le pr\u00e9sident de la Conf\u00e9d\u00e9ration g\u00e9n\u00e9rale des entreprises du Maroc (CGEM), Chakib Alj.<\/strong><br \/>\n<strong>\u201cNous nous r\u00e9jouissons du travail participatif men\u00e9 dans le cadre de la LF-2021 qui a permis l\u2019application de certaines mesures d\u2019aide \u00e0 la relance, tel que nous l\u2019avons demand\u00e9\u201d, a dit M. Alj lors d\u2019une rencontre avec le directeur g\u00e9n\u00e9ral par int\u00e9rim de la Direction g\u00e9n\u00e9rale des Imp\u00f4ts (DGI), Khalad Zazou.<\/strong><br \/>\n<strong>Dans ce sens, le patron des patrons a cit\u00e9 l\u2019exon\u00e9ration de l\u2019imp\u00f4t sur le revenu (IR) de toute premi\u00e8re embauche en contrat \u00e0 dur\u00e9e ind\u00e9termin\u00e9e, l\u2019exon\u00e9ration des droits d\u2019enregistrement sur les op\u00e9rations du compte courant d\u2019associ\u00e9s, la r\u00e9duction des droits d\u2019enregistrement de 1% \u00e0 0,5% sur les constitutions et augmentation de capital par apport en nature, pour les soci\u00e9t\u00e9s des groupements d\u2019int\u00e9r\u00eat \u00e9conomique ou encore la r\u00e9vision des droits de douane pour certaines fili\u00e8res afin de pr\u00e9server le tissu \u00e9conomique national.<\/strong><br \/>\n<strong>Et de relever: \u201cToutes les demandes du secteur priv\u00e9 n\u2019ont pas \u00e9t\u00e9 prises en consid\u00e9ration. N\u00e9anmoins, notre dialogue avec l\u2019administration se poursuit et d\u2019ailleurs, si nous sommes r\u00e9unis aujourd\u2019hui c\u2019est pour renforcer l\u2019\u00e9change et perp\u00e9tuer le travail en coaction avec l\u2019administration sur tous les sujets qui constituent des freins \u00e0 notre d\u00e9veloppement\u201d.<\/strong><br \/>\n<strong>M. Alj a, en outre, rappel\u00e9 les contrats-programmes conclus pour soutenir les secteurs en grande difficult\u00e9 suite \u00e0 la pand\u00e9mie, comme le tourisme qui est quasi \u00e0 l\u2019arr\u00eat depuis le mois de mars, jugeant vital de continuer \u00e0 les appuyer par des mesures fiscales pour permettre une sortie de crise avec le moins de d\u00e9g\u00e2ts possible.<\/strong><br \/>\n<strong>Le pr\u00e9sident de la CGEM a, par ailleurs, assur\u00e9 que la LF-2021 r\u00e9pond \u00e0 un contexte \u00e9conomique et financier difficile, expliquant que la situation n\u2019a pas permis de se pencher sur les recommandations des derni\u00e8res assises de la fiscalit\u00e9 qui devaient \u00eatre op\u00e9rationnelles \u00e0 partir de 2020.<\/strong><br \/>\n<strong>Pour sa part, M. Zazou a assur\u00e9 que le minist\u00e8re de l\u2019Economie, des finances et de la r\u00e9forme de l\u2019administration et la DGI, en particulier, n\u2019ont m\u00e9nag\u00e9 aucun effort pour jouer leur r\u00f4le d\u2019accompagnateur et de v\u00e9ritable partenaire au cours de ces moments difficiles v\u00e9cus par les op\u00e9rateurs \u00e9conomiques.<\/strong><br \/>\n<strong>En d\u00e9pit de cette crise, l\u2019ann\u00e9e 2020 s\u2019est achev\u00e9e sur de tr\u00e8s belles performances et les objectifs de la Loi de finances rectificative ont \u00e9t\u00e9 largement d\u00e9pass\u00e9s, a-t-il soulign\u00e9, ajoutant que les premiers fruits de la consolidation de la confiance sont r\u00e9colt\u00e9s.<\/strong><br \/>\n<strong>En revanche, M. Zazou a estim\u00e9 que cette ann\u00e9e \u201cnous interpelle davantage et m\u00e9rite de notre part une mobilisation particuli\u00e8rement attentive\u201d. \u201cC\u2019est maintenant que se joue notre capacit\u00e9 conjointe \u00e0 d\u00e9passer les retomb\u00e9es de la crise\u201d, a-t-il poursuivi.<\/strong><br \/>\n<strong>Et d\u2019insister: \u201cil est de notre devoir de nous rapprocher r\u00e9ciproquement et de tenir ensemble les engagements pr\u00e9vus lors des assises fiscales et d\u2019adopter avec l\u2019aide d\u2019autres partenaires, notamment les experts et conseillers une d\u00e9marche consensuelle fond\u00e9e sur la concertation et la collaboration \u00e9troite\u201d.<\/strong><\/p>\n","protected":false},"excerpt":{"rendered":"<p>Casablanca \u2013le12 La loi de Finances (LF) au titre de l\u2019ann\u00e9e budg\u00e9taire 2021 est le fruit d\u2019un travail participatif men\u00e9 pour garantir la relance de l\u2019\u00e9conomie nationale apr\u00e8s le contexte de crise sanitaire li\u00e9e \u00e0 la pand\u00e9mie du nouveau coronavirus (covid-19), a soulign\u00e9, mardi \u00e0 Casablanca, le pr\u00e9sident de la Conf\u00e9d\u00e9ration g\u00e9n\u00e9rale des entreprises du [&hellip;]<\/p>\n","protected":false},"author":4,"featured_media":5411,"comment_status":"open","ping_status":"open","sticky":false,"template":"","format":"standard","meta":[],"categories":[26,31],"tags":[],"yst_prominent_words":[822,80,169,97,78,5297,827,1686,4014,1494,579],"jetpack_featured_media_url":"https:\/\/le12.ma\/fr\/wp-content\/uploads\/2020\/10\/1BF832AF-8A69-49A5-ADE1-6F402F46C35A.jpeg","_links":{"self":[{"href":"https:\/\/le12.ma\/fr\/wp-json\/wp\/v2\/posts\/11480"}],"collection":[{"href":"https:\/\/le12.ma\/fr\/wp-json\/wp\/v2\/posts"}],"about":[{"href":"https:\/\/le12.ma\/fr\/wp-json\/wp\/v2\/types\/post"}],"author":[{"embeddable":true,"href":"https:\/\/le12.ma\/fr\/wp-json\/wp\/v2\/users\/4"}],"replies":[{"embeddable":true,"href":"https:\/\/le12.ma\/fr\/wp-json\/wp\/v2\/comments?post=11480"}],"version-history":[{"count":1,"href":"https:\/\/le12.ma\/fr\/wp-json\/wp\/v2\/posts\/11480\/revisions"}],"predecessor-version":[{"id":11481,"href":"https:\/\/le12.ma\/fr\/wp-json\/wp\/v2\/posts\/11480\/revisions\/11481"}],"wp:featuredmedia":[{"embeddable":true,"href":"https:\/\/le12.ma\/fr\/wp-json\/wp\/v2\/media\/5411"}],"wp:attachment":[{"href":"https:\/\/le12.ma\/fr\/wp-json\/wp\/v2\/media?parent=11480"}],"wp:term":[{"taxonomy":"category","embeddable":true,"href":"https:\/\/le12.ma\/fr\/wp-json\/wp\/v2\/categories?post=11480"},{"taxonomy":"post_tag","embeddable":true,"href":"https:\/\/le12.ma\/fr\/wp-json\/wp\/v2\/tags?post=11480"},{"taxonomy":"yst_prominent_words","embeddable":true,"href":"https:\/\/le12.ma\/fr\/wp-json\/wp\/v2\/yst_prominent_words?post=11480"}],"curies":[{"name":"wp","href":"https:\/\/api.w.org\/{rel}","templated":true}]}}