{"id":11348,"date":"2021-01-25T17:00:08","date_gmt":"2021-01-25T16:00:08","guid":{"rendered":"https:\/\/le12.ma\/fr\/?p=11348"},"modified":"2021-01-25T17:13:02","modified_gmt":"2021-01-25T16:13:02","slug":"fondation-du-festival-du-cinema-africain-de-khouribga-bientot-un-prix-special-du-nom-de-feu-noureddine-sail","status":"publish","type":"post","link":"https:\/\/le12.ma\/fr\/fondation-du-festival-du-cinema-africain-de-khouribga-bientot-un-prix-special-du-nom-de-feu-noureddine-sail\/","title":{"rendered":"Fondation du Festival du cin\u00e9ma africain de Khouribga: Bient\u00f4t un prix sp\u00e9cial du nom de feu Noureddine Sa\u00efl"},"content":{"rendered":"<p><span style=\"color: #ff0000;\"><strong>Rabat \u2013le12<\/strong><\/span><\/p>\n<p><strong> La Fondation du Festival du cin\u00e9ma africain de Khouribga entend cr\u00e9er un prix sp\u00e9cial portant le nom de son pr\u00e9sident, feu Noureddine Sa\u00efl, en reconnaissance des grands services qu\u2019il a rendus au cin\u00e9ma national et africain.<\/strong><br \/>\n<strong>Dans un communiqu\u00e9 publi\u00e9 \u00e0 l\u2019issue d\u2019une r\u00e9union extraordinaire tenue r\u00e9cemment sur l\u2019\u00e9tat actuel du festival suite \u00e0 la disparition du pr\u00e9sident de la Fondation, Noureddine Sa\u00efl, le Comit\u00e9 d\u2019organisation relevant de la Fondation indique que \u201cla plus grande consolation qui puisse \u00eatre offerte \u00e0 l\u2019esprit du d\u00e9funt est de continuer \u00e0 organiser de nouvelles \u00e9ditions du festival avec le m\u00eame s\u00e9rieux et la m\u00eame pers\u00e9v\u00e9rance\u201d, notant que le prix portant le nom du regrett\u00e9 sera annonc\u00e9e \u00e0 l\u2019occasion de la comm\u00e9moration du quaranti\u00e8me jour de sa mort.<\/strong><\/p>\n","protected":false},"excerpt":{"rendered":"<p>Rabat \u2013le12 La Fondation du Festival du cin\u00e9ma africain de Khouribga entend cr\u00e9er un prix sp\u00e9cial portant le nom de son pr\u00e9sident, feu Noureddine Sa\u00efl, en reconnaissance des grands services qu\u2019il a rendus au cin\u00e9ma national et africain. Dans un communiqu\u00e9 publi\u00e9 \u00e0 l\u2019issue d\u2019une r\u00e9union extraordinaire tenue r\u00e9cemment sur l\u2019\u00e9tat actuel du festival suite [&hellip;]<\/p>\n","protected":false},"author":4,"featured_media":11349,"comment_status":"open","ping_status":"open","sticky":false,"template":"","format":"standard","meta":[],"categories":[26,31],"tags":[],"yst_prominent_words":[1000,457,841,5302,362,3369],"jetpack_featured_media_url":"https:\/\/le12.ma\/fr\/wp-content\/uploads\/2021\/01\/Noureddine-Sail.jpg","_links":{"self":[{"href":"https:\/\/le12.ma\/fr\/wp-json\/wp\/v2\/posts\/11348"}],"collection":[{"href":"https:\/\/le12.ma\/fr\/wp-json\/wp\/v2\/posts"}],"about":[{"href":"https:\/\/le12.ma\/fr\/wp-json\/wp\/v2\/types\/post"}],"author":[{"embeddable":true,"href":"https:\/\/le12.ma\/fr\/wp-json\/wp\/v2\/users\/4"}],"replies":[{"embeddable":true,"href":"https:\/\/le12.ma\/fr\/wp-json\/wp\/v2\/comments?post=11348"}],"version-history":[{"count":1,"href":"https:\/\/le12.ma\/fr\/wp-json\/wp\/v2\/posts\/11348\/revisions"}],"predecessor-version":[{"id":11350,"href":"https:\/\/le12.ma\/fr\/wp-json\/wp\/v2\/posts\/11348\/revisions\/11350"}],"wp:featuredmedia":[{"embeddable":true,"href":"https:\/\/le12.ma\/fr\/wp-json\/wp\/v2\/media\/11349"}],"wp:attachment":[{"href":"https:\/\/le12.ma\/fr\/wp-json\/wp\/v2\/media?parent=11348"}],"wp:term":[{"taxonomy":"category","embeddable":true,"href":"https:\/\/le12.ma\/fr\/wp-json\/wp\/v2\/categories?post=11348"},{"taxonomy":"post_tag","embeddable":true,"href":"https:\/\/le12.ma\/fr\/wp-json\/wp\/v2\/tags?post=11348"},{"taxonomy":"yst_prominent_words","embeddable":true,"href":"https:\/\/le12.ma\/fr\/wp-json\/wp\/v2\/yst_prominent_words?post=11348"}],"curies":[{"name":"wp","href":"https:\/\/api.w.org\/{rel}","templated":true}]}}