{"id":11324,"date":"2021-01-25T13:00:24","date_gmt":"2021-01-25T12:00:24","guid":{"rendered":"https:\/\/le12.ma\/fr\/?p=11324"},"modified":"2021-01-25T12:09:24","modified_gmt":"2021-01-25T11:09:24","slug":"le-rock-maghrebin-en-concert-a-meknes","status":"publish","type":"post","link":"https:\/\/le12.ma\/fr\/le-rock-maghrebin-en-concert-a-meknes\/","title":{"rendered":"Le rock maghr\u00e9bin en concert \u00e0 Mekn\u00e8s"},"content":{"rendered":"<p><span style=\"color: #ff0000;\"><strong>Mekn\u00e8s -le12<\/strong><\/span><\/p>\n<p><strong>Un concert digital de rock magr\u00e9bin a \u00e9t\u00e9 organis\u00e9 ce weekend par l\u2019Institut fran\u00e7ais de Mekn\u00e8s (IFM), dans le cadre de sa programmation musicale num\u00e9rique.<\/strong><br \/>\n<strong>Le concert, donn\u00e9 par la formation musicale Leila, constituait une sorte d\u2019adaptation au contexte particulier de la pand\u00e9mie de Covid19, qui a ajourn\u00e9 les \u00e9v\u00e8nements culturels en plein air.<\/strong><\/p>\n","protected":false},"excerpt":{"rendered":"<p>Mekn\u00e8s -le12 Un concert digital de rock magr\u00e9bin a \u00e9t\u00e9 organis\u00e9 ce weekend par l\u2019Institut fran\u00e7ais de Mekn\u00e8s (IFM), dans le cadre de sa programmation musicale num\u00e9rique. Le concert, donn\u00e9 par la formation musicale Leila, constituait une sorte d\u2019adaptation au contexte particulier de la pand\u00e9mie de Covid19, qui a ajourn\u00e9 les \u00e9v\u00e8nements culturels en plein [&hellip;]<\/p>\n","protected":false},"author":4,"featured_media":11326,"comment_status":"open","ping_status":"open","sticky":false,"template":"","format":"standard","meta":[],"categories":[26,31],"tags":[],"yst_prominent_words":[2773],"jetpack_featured_media_url":"https:\/\/le12.ma\/fr\/wp-content\/uploads\/2021\/01\/rock-maghrebin-1.jpg","_links":{"self":[{"href":"https:\/\/le12.ma\/fr\/wp-json\/wp\/v2\/posts\/11324"}],"collection":[{"href":"https:\/\/le12.ma\/fr\/wp-json\/wp\/v2\/posts"}],"about":[{"href":"https:\/\/le12.ma\/fr\/wp-json\/wp\/v2\/types\/post"}],"author":[{"embeddable":true,"href":"https:\/\/le12.ma\/fr\/wp-json\/wp\/v2\/users\/4"}],"replies":[{"embeddable":true,"href":"https:\/\/le12.ma\/fr\/wp-json\/wp\/v2\/comments?post=11324"}],"version-history":[{"count":1,"href":"https:\/\/le12.ma\/fr\/wp-json\/wp\/v2\/posts\/11324\/revisions"}],"predecessor-version":[{"id":11328,"href":"https:\/\/le12.ma\/fr\/wp-json\/wp\/v2\/posts\/11324\/revisions\/11328"}],"wp:featuredmedia":[{"embeddable":true,"href":"https:\/\/le12.ma\/fr\/wp-json\/wp\/v2\/media\/11326"}],"wp:attachment":[{"href":"https:\/\/le12.ma\/fr\/wp-json\/wp\/v2\/media?parent=11324"}],"wp:term":[{"taxonomy":"category","embeddable":true,"href":"https:\/\/le12.ma\/fr\/wp-json\/wp\/v2\/categories?post=11324"},{"taxonomy":"post_tag","embeddable":true,"href":"https:\/\/le12.ma\/fr\/wp-json\/wp\/v2\/tags?post=11324"},{"taxonomy":"yst_prominent_words","embeddable":true,"href":"https:\/\/le12.ma\/fr\/wp-json\/wp\/v2\/yst_prominent_words?post=11324"}],"curies":[{"name":"wp","href":"https:\/\/api.w.org\/{rel}","templated":true}]}}