{"id":11294,"date":"2021-01-25T10:06:28","date_gmt":"2021-01-25T09:06:28","guid":{"rendered":"https:\/\/le12.ma\/fr\/?p=11294"},"modified":"2021-01-25T10:06:28","modified_gmt":"2021-01-25T09:06:28","slug":"ouarzazate-ceremonie-de-presentation-et-de-dedicace-de-louvrage-communication-de-crise-crise-de-communication","status":"publish","type":"post","link":"https:\/\/le12.ma\/fr\/ouarzazate-ceremonie-de-presentation-et-de-dedicace-de-louvrage-communication-de-crise-crise-de-communication\/","title":{"rendered":"Ouarzazate : c\u00e9r\u00e9monie de pr\u00e9sentation et de d\u00e9dicace de l\u2019ouvrage \u201cCommunication de crise. Crise de communication\u201d"},"content":{"rendered":"<p><span style=\"color: #ff0000;\"><strong>Ouarzazate \u2013le12<\/strong><\/span><\/p>\n<p><strong> Une c\u00e9r\u00e9monie de pr\u00e9sentation et de d\u00e9dicace de l\u2019ouvrage \u201cCommunication de crise, Crise de communication : de la pand\u00e9mie \u00e0 l\u2019infod\u00e9mie\u201d, de son auteur Mustapha Elouizi, a \u00e9t\u00e9 organis\u00e9e dimanche \u00e0 Ouarzazate.<\/strong><\/p>\n","protected":false},"excerpt":{"rendered":"<p>Ouarzazate \u2013le12 Une c\u00e9r\u00e9monie de pr\u00e9sentation et de d\u00e9dicace de l\u2019ouvrage \u201cCommunication de crise, Crise de communication : de la pand\u00e9mie \u00e0 l\u2019infod\u00e9mie\u201d, de son auteur Mustapha Elouizi, a \u00e9t\u00e9 organis\u00e9e dimanche \u00e0 Ouarzazate.<\/p>\n","protected":false},"author":4,"featured_media":11295,"comment_status":"open","ping_status":"open","sticky":false,"template":"","format":"standard","meta":[],"categories":[26,31],"tags":[],"yst_prominent_words":[169],"jetpack_featured_media_url":"https:\/\/le12.ma\/fr\/wp-content\/uploads\/2021\/01\/Sans-titre9.png","_links":{"self":[{"href":"https:\/\/le12.ma\/fr\/wp-json\/wp\/v2\/posts\/11294"}],"collection":[{"href":"https:\/\/le12.ma\/fr\/wp-json\/wp\/v2\/posts"}],"about":[{"href":"https:\/\/le12.ma\/fr\/wp-json\/wp\/v2\/types\/post"}],"author":[{"embeddable":true,"href":"https:\/\/le12.ma\/fr\/wp-json\/wp\/v2\/users\/4"}],"replies":[{"embeddable":true,"href":"https:\/\/le12.ma\/fr\/wp-json\/wp\/v2\/comments?post=11294"}],"version-history":[{"count":1,"href":"https:\/\/le12.ma\/fr\/wp-json\/wp\/v2\/posts\/11294\/revisions"}],"predecessor-version":[{"id":11296,"href":"https:\/\/le12.ma\/fr\/wp-json\/wp\/v2\/posts\/11294\/revisions\/11296"}],"wp:featuredmedia":[{"embeddable":true,"href":"https:\/\/le12.ma\/fr\/wp-json\/wp\/v2\/media\/11295"}],"wp:attachment":[{"href":"https:\/\/le12.ma\/fr\/wp-json\/wp\/v2\/media?parent=11294"}],"wp:term":[{"taxonomy":"category","embeddable":true,"href":"https:\/\/le12.ma\/fr\/wp-json\/wp\/v2\/categories?post=11294"},{"taxonomy":"post_tag","embeddable":true,"href":"https:\/\/le12.ma\/fr\/wp-json\/wp\/v2\/tags?post=11294"},{"taxonomy":"yst_prominent_words","embeddable":true,"href":"https:\/\/le12.ma\/fr\/wp-json\/wp\/v2\/yst_prominent_words?post=11294"}],"curies":[{"name":"wp","href":"https:\/\/api.w.org\/{rel}","templated":true}]}}