{"id":11224,"date":"2021-01-23T18:30:50","date_gmt":"2021-01-23T17:30:50","guid":{"rendered":"https:\/\/le12.ma\/fr\/?p=11224"},"modified":"2021-01-23T17:41:16","modified_gmt":"2021-01-23T16:41:16","slug":"projection-virtuelle-du-28-janvier-au-04-fevrier-du-long-metrage-documentaire-dans-tes-yeux-je-vois-mon-pays","status":"publish","type":"post","link":"https:\/\/le12.ma\/fr\/projection-virtuelle-du-28-janvier-au-04-fevrier-du-long-metrage-documentaire-dans-tes-yeux-je-vois-mon-pays\/","title":{"rendered":"Projection virtuelle du 28 janvier au 04 f\u00e9vrier du long m\u00e9trage documentaire \u201cDans tes yeux, je vois mon pays\u201d"},"content":{"rendered":"<p><span style=\"color: #ff0000;\"><strong>Rabat \u2013le12<\/strong><\/span><\/p>\n<p><span style=\"color: #000000;\"><strong> L\u2019Association des rencontres m\u00e9diterran\u00e9ennes Cin\u00e9ma Droits de l\u2019Homme (ARMCDH) organise la projection virtuelle, du 28 janvier au 04 f\u00e9vrier 2021, du long m\u00e9trage documentaire \u201cDans tes yeux, je vois mon pays\u201d du r\u00e9alisateur marocain Kamal Hachkar.<\/strong><\/span><\/p>\n","protected":false},"excerpt":{"rendered":"<p>Rabat \u2013le12 L\u2019Association des rencontres m\u00e9diterran\u00e9ennes Cin\u00e9ma Droits de l\u2019Homme (ARMCDH) organise la projection virtuelle, du 28 janvier au 04 f\u00e9vrier 2021, du long m\u00e9trage documentaire \u201cDans tes yeux, je vois mon pays\u201d du r\u00e9alisateur marocain Kamal Hachkar.<\/p>\n","protected":false},"author":4,"featured_media":11225,"comment_status":"open","ping_status":"open","sticky":false,"template":"","format":"standard","meta":[],"categories":[26,31],"tags":[],"yst_prominent_words":[],"jetpack_featured_media_url":"https:\/\/le12.ma\/fr\/wp-content\/uploads\/2021\/01\/affiche-film-504x300-504x300-1.jpg","_links":{"self":[{"href":"https:\/\/le12.ma\/fr\/wp-json\/wp\/v2\/posts\/11224"}],"collection":[{"href":"https:\/\/le12.ma\/fr\/wp-json\/wp\/v2\/posts"}],"about":[{"href":"https:\/\/le12.ma\/fr\/wp-json\/wp\/v2\/types\/post"}],"author":[{"embeddable":true,"href":"https:\/\/le12.ma\/fr\/wp-json\/wp\/v2\/users\/4"}],"replies":[{"embeddable":true,"href":"https:\/\/le12.ma\/fr\/wp-json\/wp\/v2\/comments?post=11224"}],"version-history":[{"count":1,"href":"https:\/\/le12.ma\/fr\/wp-json\/wp\/v2\/posts\/11224\/revisions"}],"predecessor-version":[{"id":11226,"href":"https:\/\/le12.ma\/fr\/wp-json\/wp\/v2\/posts\/11224\/revisions\/11226"}],"wp:featuredmedia":[{"embeddable":true,"href":"https:\/\/le12.ma\/fr\/wp-json\/wp\/v2\/media\/11225"}],"wp:attachment":[{"href":"https:\/\/le12.ma\/fr\/wp-json\/wp\/v2\/media?parent=11224"}],"wp:term":[{"taxonomy":"category","embeddable":true,"href":"https:\/\/le12.ma\/fr\/wp-json\/wp\/v2\/categories?post=11224"},{"taxonomy":"post_tag","embeddable":true,"href":"https:\/\/le12.ma\/fr\/wp-json\/wp\/v2\/tags?post=11224"},{"taxonomy":"yst_prominent_words","embeddable":true,"href":"https:\/\/le12.ma\/fr\/wp-json\/wp\/v2\/yst_prominent_words?post=11224"}],"curies":[{"name":"wp","href":"https:\/\/api.w.org\/{rel}","templated":true}]}}