{"id":11079,"date":"2021-01-22T10:29:22","date_gmt":"2021-01-22T09:29:22","guid":{"rendered":"https:\/\/le12.ma\/fr\/?p=11079"},"modified":"2021-01-22T10:29:22","modified_gmt":"2021-01-22T09:29:22","slug":"lartiste-peintre-sonia-bennis-expose-a-marrakech-ses-recentes-oeuvres","status":"publish","type":"post","link":"https:\/\/le12.ma\/fr\/lartiste-peintre-sonia-bennis-expose-a-marrakech-ses-recentes-oeuvres\/","title":{"rendered":"L\u2019artiste-peintre Sonia Bennis expose \u00e0 Marrakech ses r\u00e9centes \u0153uvres"},"content":{"rendered":"<p><span style=\"color: #ff0000;\"><strong>Marrakech- le12<\/strong><\/span><\/p>\n<p><strong>L\u2019artiste-peintre Sonia Bennis a choisi Marrakech, sa ville natale, pour organiser sa toute premi\u00e8re exposition sous le th\u00e8me \u201cUnicit\u00e9\u201d.<\/strong><\/p>\n<p><strong>Visible jusqu\u2019au 20 f\u00e9vrier prochain sur les cimaises d\u2019un palace de la cit\u00e9 ocre, cette exposition donne \u00e0 voir et \u00e0 appr\u00e9cier une myriade d\u2019\u0153uvres d\u2019art, dont des toiles et des tables pr\u00e9sent\u00e9es comme des bijoux d\u2019art.<\/strong><\/p>\n","protected":false},"excerpt":{"rendered":"<p>Marrakech- le12 L\u2019artiste-peintre Sonia Bennis a choisi Marrakech, sa ville natale, pour organiser sa toute premi\u00e8re exposition sous le th\u00e8me \u201cUnicit\u00e9\u201d. Visible jusqu\u2019au 20 f\u00e9vrier prochain sur les cimaises d\u2019un palace de la cit\u00e9 ocre, cette exposition donne \u00e0 voir et \u00e0 appr\u00e9cier une myriade d\u2019\u0153uvres d\u2019art, dont des toiles et des tables pr\u00e9sent\u00e9es comme [&hellip;]<\/p>\n","protected":false},"author":4,"featured_media":11080,"comment_status":"open","ping_status":"open","sticky":false,"template":"","format":"standard","meta":[],"categories":[26,31],"tags":[],"yst_prominent_words":[2850,2848,3058],"jetpack_featured_media_url":"https:\/\/le12.ma\/fr\/wp-content\/uploads\/2021\/01\/20210122_102814.jpg","_links":{"self":[{"href":"https:\/\/le12.ma\/fr\/wp-json\/wp\/v2\/posts\/11079"}],"collection":[{"href":"https:\/\/le12.ma\/fr\/wp-json\/wp\/v2\/posts"}],"about":[{"href":"https:\/\/le12.ma\/fr\/wp-json\/wp\/v2\/types\/post"}],"author":[{"embeddable":true,"href":"https:\/\/le12.ma\/fr\/wp-json\/wp\/v2\/users\/4"}],"replies":[{"embeddable":true,"href":"https:\/\/le12.ma\/fr\/wp-json\/wp\/v2\/comments?post=11079"}],"version-history":[{"count":1,"href":"https:\/\/le12.ma\/fr\/wp-json\/wp\/v2\/posts\/11079\/revisions"}],"predecessor-version":[{"id":11081,"href":"https:\/\/le12.ma\/fr\/wp-json\/wp\/v2\/posts\/11079\/revisions\/11081"}],"wp:featuredmedia":[{"embeddable":true,"href":"https:\/\/le12.ma\/fr\/wp-json\/wp\/v2\/media\/11080"}],"wp:attachment":[{"href":"https:\/\/le12.ma\/fr\/wp-json\/wp\/v2\/media?parent=11079"}],"wp:term":[{"taxonomy":"category","embeddable":true,"href":"https:\/\/le12.ma\/fr\/wp-json\/wp\/v2\/categories?post=11079"},{"taxonomy":"post_tag","embeddable":true,"href":"https:\/\/le12.ma\/fr\/wp-json\/wp\/v2\/tags?post=11079"},{"taxonomy":"yst_prominent_words","embeddable":true,"href":"https:\/\/le12.ma\/fr\/wp-json\/wp\/v2\/yst_prominent_words?post=11079"}],"curies":[{"name":"wp","href":"https:\/\/api.w.org\/{rel}","templated":true}]}}