{"id":10631,"date":"2021-01-17T13:12:36","date_gmt":"2021-01-17T12:12:36","guid":{"rendered":"https:\/\/le12.ma\/fr\/?p=10631"},"modified":"2021-01-17T13:12:36","modified_gmt":"2021-01-17T12:12:36","slug":"le-9eme-festival-du-cinema-de-oued-noun-du-26-au-28-fevrier","status":"publish","type":"post","link":"https:\/\/le12.ma\/fr\/le-9eme-festival-du-cinema-de-oued-noun-du-26-au-28-fevrier\/","title":{"rendered":"Le 9\u00e8me festival du cin\u00e9ma de Oued Noun du 26 au 28 f\u00e9vrier"},"content":{"rendered":"<p><span style=\"color: #ff0000;\"><strong>Guelmim \u2013le12<\/strong><\/span><\/p>\n<p><strong>Le 9\u00e8me festival du cin\u00e9ma de Oued Noun sera organis\u00e9 du 26 au 28 f\u00e9vrier \u00e0 distance, a annonc\u00e9 l\u2019association des jeunes cr\u00e9ateurs de Guelmim.<\/strong><\/p>\n","protected":false},"excerpt":{"rendered":"<p>Guelmim \u2013le12 Le 9\u00e8me festival du cin\u00e9ma de Oued Noun sera organis\u00e9 du 26 au 28 f\u00e9vrier \u00e0 distance, a annonc\u00e9 l\u2019association des jeunes cr\u00e9ateurs de Guelmim.<\/p>\n","protected":false},"author":4,"featured_media":10632,"comment_status":"open","ping_status":"open","sticky":false,"template":"","format":"standard","meta":[],"categories":[26,31],"tags":[],"yst_prominent_words":[1664],"jetpack_featured_media_url":"https:\/\/le12.ma\/fr\/wp-content\/uploads\/2021\/01\/Festival-Oued-Noun1.jpg","_links":{"self":[{"href":"https:\/\/le12.ma\/fr\/wp-json\/wp\/v2\/posts\/10631"}],"collection":[{"href":"https:\/\/le12.ma\/fr\/wp-json\/wp\/v2\/posts"}],"about":[{"href":"https:\/\/le12.ma\/fr\/wp-json\/wp\/v2\/types\/post"}],"author":[{"embeddable":true,"href":"https:\/\/le12.ma\/fr\/wp-json\/wp\/v2\/users\/4"}],"replies":[{"embeddable":true,"href":"https:\/\/le12.ma\/fr\/wp-json\/wp\/v2\/comments?post=10631"}],"version-history":[{"count":1,"href":"https:\/\/le12.ma\/fr\/wp-json\/wp\/v2\/posts\/10631\/revisions"}],"predecessor-version":[{"id":10633,"href":"https:\/\/le12.ma\/fr\/wp-json\/wp\/v2\/posts\/10631\/revisions\/10633"}],"wp:featuredmedia":[{"embeddable":true,"href":"https:\/\/le12.ma\/fr\/wp-json\/wp\/v2\/media\/10632"}],"wp:attachment":[{"href":"https:\/\/le12.ma\/fr\/wp-json\/wp\/v2\/media?parent=10631"}],"wp:term":[{"taxonomy":"category","embeddable":true,"href":"https:\/\/le12.ma\/fr\/wp-json\/wp\/v2\/categories?post=10631"},{"taxonomy":"post_tag","embeddable":true,"href":"https:\/\/le12.ma\/fr\/wp-json\/wp\/v2\/tags?post=10631"},{"taxonomy":"yst_prominent_words","embeddable":true,"href":"https:\/\/le12.ma\/fr\/wp-json\/wp\/v2\/yst_prominent_words?post=10631"}],"curies":[{"name":"wp","href":"https:\/\/api.w.org\/{rel}","templated":true}]}}