{"id":10615,"date":"2021-01-17T11:08:44","date_gmt":"2021-01-17T10:08:44","guid":{"rendered":"https:\/\/le12.ma\/fr\/?p=10615"},"modified":"2021-01-17T11:08:44","modified_gmt":"2021-01-17T10:08:44","slug":"casablanca-des-plasticiens-marocains-et-africains-participent-a-une-exposition-dart-collective","status":"publish","type":"post","link":"https:\/\/le12.ma\/fr\/casablanca-des-plasticiens-marocains-et-africains-participent-a-une-exposition-dart-collective\/","title":{"rendered":"Casablanca, des plasticiens marocains et africains participent \u00e0 une exposition d\u2019art collective"},"content":{"rendered":"<p><span style=\"color: #ff0000;\"><strong>Casablanca \u2013le12<\/strong><\/span><\/p>\n<p><strong>Une exposition d\u2019art collective intitul\u00e9e \u201cReflet\u201d a \u00e9t\u00e9 ouverte, samedi \u00e0 la galerie Living4Art \u00e0 Casablanca, avec la participation de 20 plasticiens marocains et africains.<\/strong><\/p>\n<p><strong>Cette exposition, qui se poursuivra jusqu\u2019au 30 janvier, renferme une soixantaine d\u2019oeuvres d\u2019artistes professionnels et amateurs dont le d\u00e9nominateur commun est de faire connaitre leurs cr\u00e9ations aux amoureux d\u2019art plastique.<\/strong><\/p>\n","protected":false},"excerpt":{"rendered":"<p>Casablanca \u2013le12 Une exposition d\u2019art collective intitul\u00e9e \u201cReflet\u201d a \u00e9t\u00e9 ouverte, samedi \u00e0 la galerie Living4Art \u00e0 Casablanca, avec la participation de 20 plasticiens marocains et africains. Cette exposition, qui se poursuivra jusqu\u2019au 30 janvier, renferme une soixantaine d\u2019oeuvres d\u2019artistes professionnels et amateurs dont le d\u00e9nominateur commun est de faire connaitre leurs cr\u00e9ations aux amoureux [&hellip;]<\/p>\n","protected":false},"author":4,"featured_media":10616,"comment_status":"open","ping_status":"open","sticky":false,"template":"","format":"standard","meta":[],"categories":[26,31],"tags":[],"yst_prominent_words":[80,2850,2848],"jetpack_featured_media_url":"https:\/\/le12.ma\/fr\/wp-content\/uploads\/2021\/01\/20210117_110727.jpg","_links":{"self":[{"href":"https:\/\/le12.ma\/fr\/wp-json\/wp\/v2\/posts\/10615"}],"collection":[{"href":"https:\/\/le12.ma\/fr\/wp-json\/wp\/v2\/posts"}],"about":[{"href":"https:\/\/le12.ma\/fr\/wp-json\/wp\/v2\/types\/post"}],"author":[{"embeddable":true,"href":"https:\/\/le12.ma\/fr\/wp-json\/wp\/v2\/users\/4"}],"replies":[{"embeddable":true,"href":"https:\/\/le12.ma\/fr\/wp-json\/wp\/v2\/comments?post=10615"}],"version-history":[{"count":1,"href":"https:\/\/le12.ma\/fr\/wp-json\/wp\/v2\/posts\/10615\/revisions"}],"predecessor-version":[{"id":10617,"href":"https:\/\/le12.ma\/fr\/wp-json\/wp\/v2\/posts\/10615\/revisions\/10617"}],"wp:featuredmedia":[{"embeddable":true,"href":"https:\/\/le12.ma\/fr\/wp-json\/wp\/v2\/media\/10616"}],"wp:attachment":[{"href":"https:\/\/le12.ma\/fr\/wp-json\/wp\/v2\/media?parent=10615"}],"wp:term":[{"taxonomy":"category","embeddable":true,"href":"https:\/\/le12.ma\/fr\/wp-json\/wp\/v2\/categories?post=10615"},{"taxonomy":"post_tag","embeddable":true,"href":"https:\/\/le12.ma\/fr\/wp-json\/wp\/v2\/tags?post=10615"},{"taxonomy":"yst_prominent_words","embeddable":true,"href":"https:\/\/le12.ma\/fr\/wp-json\/wp\/v2\/yst_prominent_words?post=10615"}],"curies":[{"name":"wp","href":"https:\/\/api.w.org\/{rel}","templated":true}]}}