{"id":10264,"date":"2021-01-13T15:01:16","date_gmt":"2021-01-13T14:01:16","guid":{"rendered":"https:\/\/le12.ma\/fr\/?p=10264"},"modified":"2021-01-13T15:01:16","modified_gmt":"2021-01-13T14:01:16","slug":"2020-une-presence-de-taille-de-la-question-amazighe-malgre-la-pandemie","status":"publish","type":"post","link":"https:\/\/le12.ma\/fr\/2020-une-presence-de-taille-de-la-question-amazighe-malgre-la-pandemie\/","title":{"rendered":"2020 : Une pr\u00e9sence de taille de la question amazighe malgr\u00e9 la pand\u00e9mie"},"content":{"rendered":"<p><span style=\"color: #ff0000;\"><strong>Rabat \u2013 le12<\/strong><\/span><\/p>\n<p><strong>La pand\u00e9mie du coronavirus a fortement marqu\u00e9 de son empreinte la sc\u00e8ne culturelle nationale et mondiale au cours de l\u2019ann\u00e9e 2020, engouffrant l\u2019humanit\u00e9 dans une phase exceptionnelle caract\u00e9ris\u00e9e par une multitude de mesures pr\u00e9ventives et restrictives. Cette situation inhabituelle n\u2019a pas emp\u00each\u00e9 pour autant la question amazighe d\u2019imprimer une pr\u00e9sence de qualit\u00e9 sur les sc\u00e8nes culturelle et politique dans notre pays.<\/strong><\/p>\n<p><strong>Ainsi, le Mus\u00e9e des Civilisations de l\u2019Europe et de la M\u00e9diterran\u00e9e (Mucem), la Fondation Jardin Majorelle \u00e0 Marrakech et le Mus\u00e9e Yves Saint Laurent \u00e0 Paris ont scell\u00e9, le 22 juin, un partenariat privil\u00e9gi\u00e9 afin de mettre en valeur la richesse du patrimoine amazigh du Maroc.<\/strong><\/p>\n<p><strong>Par ailleurs, l\u2019Institut royal de la culture amazighe (IRCAM) a c\u00e9l\u00e9br\u00e9, sous le Haut Patronage de Sa Majest\u00e9 le Roi Mohammed VI, le 19\u00e8me anniversaire du discours prononc\u00e9 par le Souverain \u00e0 Ajdir, et ce dans le respect des mesures pr\u00e9ventives visant \u00e0 lutter contre la propagation de la Covid-19.<\/strong><\/p>\n<p><strong>A cet \u00e9gard, le recteur de l\u2019Institut, Ahmed Boukouss avait affirm\u00e9, lors d\u2019un entretien accord\u00e9 au portail Amazigh de la MAP, que l\u2019IRCAM a r\u00e9alis\u00e9 un bilan \u201chonorable\u201d et la condition de la langue amazighe s\u2019est nettement am\u00e9lior\u00e9e apr\u00e8s le discours prononc\u00e9 par SM le Roi Mohammed VI le 17 octobre 2001 \u00e0 Ajdir.<\/strong><\/p>\n<p><strong>A l\u2019occasion, l\u2019IRCAM a organis\u00e9, le 16 octobre \u00e0 Rabat sous le Haut patronage de SM le Roi Mohammed VI, la c\u00e9r\u00e9monie de remise du prix de la culture amazighe de l\u2019ann\u00e9e 2019, qui a \u00e9t\u00e9 marqu\u00e9e notamment par le sacre du chercheur Lhoussaine Ait Bahcine (Prix de m\u00e9rite de la culture amazighe) et du journaliste du service amazigh de l\u2019Agence marocaine de presse (MAP) Al Mustapha Sguenfle (cat\u00e9gorie de la presse \u00e9crite).<\/strong><\/p>\n<p><strong>Au niveau gouvernemental, le minist\u00e8re de la Justice et l\u2019Institut royal de la culture amazighe (IRCAM) ont sign\u00e9, le 24 juin \u00e0 Rabat, un accord de coop\u00e9ration et de partenariat visant l\u2019int\u00e9gration de la langue amazighe dans le syst\u00e8me judiciaire.<\/strong><\/p>\n<p><strong>En vertu de cet accord, l\u2019IRCAM accompagne le minist\u00e8re dans la s\u00e9lection et la formation des cadres qualifi\u00e9s dans les domaines de la traduction et de l\u2019interpr\u00e9tariat, dans la traduction des documents et textes administratifs et juridiques vers la langue amazighe, ainsi que dans l\u2019\u00e9laboration d\u2019un lexique du syst\u00e8me judiciaire.<\/strong><\/p>\n<p><strong>Le minist\u00e8re de l\u2019\u00c9ducation nationale, de la Formation professionnelle, de l\u2019Enseignement sup\u00e9rieur et de la Recherche scientifique a annonc\u00e9 l\u2019\u00e9largissement de la carte de formation et l\u2019augmentation du nombre de enseignants sp\u00e9cialis\u00e9s dans l\u2019enseignement de la langue amazighe \u00e0 raison de 400 chaque ann\u00e9e, \u00e0 partir de l\u2019ann\u00e9e prochaine, en plus de l\u2019inclusion d\u2019un module sp\u00e9cial en langue amazighe dans la formation de base des inspecteurs et des cadres de l\u2019administration de l\u2019\u00e9ducation.<\/strong><\/p>\n<p><strong>Ce chantier d\u2019envergure nationale a \u00e9t\u00e9 le centre d\u2019une r\u00e9union, tenue \u00e0 Rabat le 30 d\u00e9cembre sous la pr\u00e9sidence du ministre de l\u2019\u00c9ducation nationale, de la formation professionnelle, de l\u2019enseignement sup\u00e9rieur et de la recherche scientifique, porte-parole du gouvernement, Saaid Amzazi et du recteur de l\u2019Institut royal de la culture amazighe (IRCAM), Ahmed Boukous.<\/strong><\/p>\n<p><strong>Cette r\u00e9union a \u00e9t\u00e9 l\u2019occasion d\u2019\u00e9tablir une feuille de route claire bas\u00e9e sur un certain nombre d\u2019axes, dont l\u2019augmentation du nombre de cycles en licence de langue amazighe dans les universit\u00e9s publiques et la mise \u00e0 jour du programme de la langue amazighe, selon une approche progressive, \u00e0 partir de la prochaine saison scolaire 2021-2022, pour les premi\u00e8res ann\u00e9es du cycle primaire et \u00e0 partir de l\u2019ann\u00e9e scolaire 2022-2023 pour le reste des niveaux du cycle primaire, en plus de la pr\u00e9paration d\u2019un programme relatif au cycle coll\u00e9gial.<\/strong><\/p>\n<p><strong>S\u2019agissant des partis politiques, le Front d\u2019action politique amazighe a conclu, le 17 novembre, avec le Rassemblement national des ind\u00e9pendants (RNI), et le 31 d\u00e9cembre avec le parti du Mouvement populaire (MP) des ententes pr\u00e9voyant l\u2019engagement politique et organisationnel du Front au sein des structures de ces deux partis.<\/strong><\/p>\n","protected":false},"excerpt":{"rendered":"<p>Rabat \u2013 le12 La pand\u00e9mie du coronavirus a fortement marqu\u00e9 de son empreinte la sc\u00e8ne culturelle nationale et mondiale au cours de l\u2019ann\u00e9e 2020, engouffrant l\u2019humanit\u00e9 dans une phase exceptionnelle caract\u00e9ris\u00e9e par une multitude de mesures pr\u00e9ventives et restrictives. Cette situation inhabituelle n\u2019a pas emp\u00each\u00e9 pour autant la question amazighe d\u2019imprimer une pr\u00e9sence de qualit\u00e9 [&hellip;]<\/p>\n","protected":false},"author":4,"featured_media":10265,"comment_status":"open","ping_status":"open","sticky":false,"template":"","format":"standard","meta":[],"categories":[26,31],"tags":[],"yst_prominent_words":[584,582,1484,734,3012,3005,382],"jetpack_featured_media_url":"https:\/\/le12.ma\/fr\/wp-content\/uploads\/2021\/01\/Amazigh-EPA-M.jpg","_links":{"self":[{"href":"https:\/\/le12.ma\/fr\/wp-json\/wp\/v2\/posts\/10264"}],"collection":[{"href":"https:\/\/le12.ma\/fr\/wp-json\/wp\/v2\/posts"}],"about":[{"href":"https:\/\/le12.ma\/fr\/wp-json\/wp\/v2\/types\/post"}],"author":[{"embeddable":true,"href":"https:\/\/le12.ma\/fr\/wp-json\/wp\/v2\/users\/4"}],"replies":[{"embeddable":true,"href":"https:\/\/le12.ma\/fr\/wp-json\/wp\/v2\/comments?post=10264"}],"version-history":[{"count":1,"href":"https:\/\/le12.ma\/fr\/wp-json\/wp\/v2\/posts\/10264\/revisions"}],"predecessor-version":[{"id":10266,"href":"https:\/\/le12.ma\/fr\/wp-json\/wp\/v2\/posts\/10264\/revisions\/10266"}],"wp:featuredmedia":[{"embeddable":true,"href":"https:\/\/le12.ma\/fr\/wp-json\/wp\/v2\/media\/10265"}],"wp:attachment":[{"href":"https:\/\/le12.ma\/fr\/wp-json\/wp\/v2\/media?parent=10264"}],"wp:term":[{"taxonomy":"category","embeddable":true,"href":"https:\/\/le12.ma\/fr\/wp-json\/wp\/v2\/categories?post=10264"},{"taxonomy":"post_tag","embeddable":true,"href":"https:\/\/le12.ma\/fr\/wp-json\/wp\/v2\/tags?post=10264"},{"taxonomy":"yst_prominent_words","embeddable":true,"href":"https:\/\/le12.ma\/fr\/wp-json\/wp\/v2\/yst_prominent_words?post=10264"}],"curies":[{"name":"wp","href":"https:\/\/api.w.org\/{rel}","templated":true}]}}