{"id":10126,"date":"2021-01-12T11:50:38","date_gmt":"2021-01-12T10:50:38","guid":{"rendered":"https:\/\/le12.ma\/fr\/?p=10126"},"modified":"2021-01-12T11:50:38","modified_gmt":"2021-01-12T10:50:38","slug":"fes-exposition-autour-de-la-resilience-artistique-du-23-janvier-au-03-fevrier","status":"publish","type":"post","link":"https:\/\/le12.ma\/fr\/fes-exposition-autour-de-la-resilience-artistique-du-23-janvier-au-03-fevrier\/","title":{"rendered":"F\u00e8s : Exposition autour de la r\u00e9silience artistique, du 23 janvier au 03 f\u00e9vrier"},"content":{"rendered":"<p><span style=\"color: #ff0000;\"><strong>F\u00e8s \u2013 le12<\/strong><\/span><\/p>\n<p><strong>Une exposition virtuelle autour de la r\u00e9silience artistique, intitul\u00e9e \u2018\u2019Nzaha\u2019\u2019, se tiendra du 23 janvier au 03 f\u00e9vrier, \u00e0 l\u2019initiative du collectif des structures d\u2019art et de culture \u2018\u2019Dar Do\u2019\u2019.<\/strong><\/p>\n","protected":false},"excerpt":{"rendered":"<p>F\u00e8s \u2013 le12 Une exposition virtuelle autour de la r\u00e9silience artistique, intitul\u00e9e \u2018\u2019Nzaha\u2019\u2019, se tiendra du 23 janvier au 03 f\u00e9vrier, \u00e0 l\u2019initiative du collectif des structures d\u2019art et de culture \u2018\u2019Dar Do\u2019\u2019.<\/p>\n","protected":false},"author":4,"featured_media":10127,"comment_status":"open","ping_status":"open","sticky":false,"template":"","format":"standard","meta":[],"categories":[26,31],"tags":[],"yst_prominent_words":[],"jetpack_featured_media_url":"https:\/\/le12.ma\/fr\/wp-content\/uploads\/2021\/01\/musee.jpg","_links":{"self":[{"href":"https:\/\/le12.ma\/fr\/wp-json\/wp\/v2\/posts\/10126"}],"collection":[{"href":"https:\/\/le12.ma\/fr\/wp-json\/wp\/v2\/posts"}],"about":[{"href":"https:\/\/le12.ma\/fr\/wp-json\/wp\/v2\/types\/post"}],"author":[{"embeddable":true,"href":"https:\/\/le12.ma\/fr\/wp-json\/wp\/v2\/users\/4"}],"replies":[{"embeddable":true,"href":"https:\/\/le12.ma\/fr\/wp-json\/wp\/v2\/comments?post=10126"}],"version-history":[{"count":1,"href":"https:\/\/le12.ma\/fr\/wp-json\/wp\/v2\/posts\/10126\/revisions"}],"predecessor-version":[{"id":10128,"href":"https:\/\/le12.ma\/fr\/wp-json\/wp\/v2\/posts\/10126\/revisions\/10128"}],"wp:featuredmedia":[{"embeddable":true,"href":"https:\/\/le12.ma\/fr\/wp-json\/wp\/v2\/media\/10127"}],"wp:attachment":[{"href":"https:\/\/le12.ma\/fr\/wp-json\/wp\/v2\/media?parent=10126"}],"wp:term":[{"taxonomy":"category","embeddable":true,"href":"https:\/\/le12.ma\/fr\/wp-json\/wp\/v2\/categories?post=10126"},{"taxonomy":"post_tag","embeddable":true,"href":"https:\/\/le12.ma\/fr\/wp-json\/wp\/v2\/tags?post=10126"},{"taxonomy":"yst_prominent_words","embeddable":true,"href":"https:\/\/le12.ma\/fr\/wp-json\/wp\/v2\/yst_prominent_words?post=10126"}],"curies":[{"name":"wp","href":"https:\/\/api.w.org\/{rel}","templated":true}]}}