{"id":10043,"date":"2021-01-11T10:04:02","date_gmt":"2021-01-11T09:04:02","guid":{"rendered":"https:\/\/le12.ma\/fr\/?p=10043"},"modified":"2021-01-11T10:04:02","modified_gmt":"2021-01-11T09:04:02","slug":"tanger-vernissage-de-lexposition-hommage-a-feu-ahmed-al-barrak","status":"publish","type":"post","link":"https:\/\/le12.ma\/fr\/tanger-vernissage-de-lexposition-hommage-a-feu-ahmed-al-barrak\/","title":{"rendered":"Tanger: vernissage de l\u2019exposition hommage \u00e0 feu Ahmed Al Barrak"},"content":{"rendered":"<p><span style=\"color: #ff0000;\"><strong>Tanger- le12<\/strong><\/span><\/p>\n<p><strong>Le vernissage de l\u2019exposition hommage \u00e0 l\u2019artiste-peintre feu Ahmed Al Barrak a eu lieu, dimanche \u00e0 la Medina Art Gallery de Tanger, l\u2019occasion de d\u00e9couvrir une grande r\u00e9trospective retra\u00e7ant les diverses facettes de son \u0153uvre.<\/strong><\/p>\n","protected":false},"excerpt":{"rendered":"<p>Tanger- le12 Le vernissage de l\u2019exposition hommage \u00e0 l\u2019artiste-peintre feu Ahmed Al Barrak a eu lieu, dimanche \u00e0 la Medina Art Gallery de Tanger, l\u2019occasion de d\u00e9couvrir une grande r\u00e9trospective retra\u00e7ant les diverses facettes de son \u0153uvre.<\/p>\n","protected":false},"author":4,"featured_media":10044,"comment_status":"open","ping_status":"open","sticky":false,"template":"","format":"standard","meta":[],"categories":[26,31],"tags":[],"yst_prominent_words":[409],"jetpack_featured_media_url":"https:\/\/le12.ma\/fr\/wp-content\/uploads\/2021\/01\/20210111_100239.jpg","_links":{"self":[{"href":"https:\/\/le12.ma\/fr\/wp-json\/wp\/v2\/posts\/10043"}],"collection":[{"href":"https:\/\/le12.ma\/fr\/wp-json\/wp\/v2\/posts"}],"about":[{"href":"https:\/\/le12.ma\/fr\/wp-json\/wp\/v2\/types\/post"}],"author":[{"embeddable":true,"href":"https:\/\/le12.ma\/fr\/wp-json\/wp\/v2\/users\/4"}],"replies":[{"embeddable":true,"href":"https:\/\/le12.ma\/fr\/wp-json\/wp\/v2\/comments?post=10043"}],"version-history":[{"count":1,"href":"https:\/\/le12.ma\/fr\/wp-json\/wp\/v2\/posts\/10043\/revisions"}],"predecessor-version":[{"id":10045,"href":"https:\/\/le12.ma\/fr\/wp-json\/wp\/v2\/posts\/10043\/revisions\/10045"}],"wp:featuredmedia":[{"embeddable":true,"href":"https:\/\/le12.ma\/fr\/wp-json\/wp\/v2\/media\/10044"}],"wp:attachment":[{"href":"https:\/\/le12.ma\/fr\/wp-json\/wp\/v2\/media?parent=10043"}],"wp:term":[{"taxonomy":"category","embeddable":true,"href":"https:\/\/le12.ma\/fr\/wp-json\/wp\/v2\/categories?post=10043"},{"taxonomy":"post_tag","embeddable":true,"href":"https:\/\/le12.ma\/fr\/wp-json\/wp\/v2\/tags?post=10043"},{"taxonomy":"yst_prominent_words","embeddable":true,"href":"https:\/\/le12.ma\/fr\/wp-json\/wp\/v2\/yst_prominent_words?post=10043"}],"curies":[{"name":"wp","href":"https:\/\/api.w.org\/{rel}","templated":true}]}}